{"id":193,"date":"2010-11-15T20:02:00","date_gmt":"2010-11-15T19:02:00","guid":{"rendered":"http:\/\/klarafardiga.com\/?p=193"},"modified":"2010-11-15T20:02:00","modified_gmt":"2010-11-15T19:02:00","slug":"puffar-for-tavlingen-vinn-paketkalender","status":"publish","type":"post","link":"https:\/\/klarafardiga.com\/?p=193","title":{"rendered":"Puffar f\u00f6r t\u00e4vlingen! Vinn paketkalender"},"content":{"rendered":"<p><a href=\"http:\/\/1.bp.blogspot.com\/_rCm4mArCkLE\/TOF2HVP4R7I\/AAAAAAAAB_4\/BWeQ4fCIQL0\/s1600\/vinnkalender.jpg\"><img decoding=\"async\" style=\"MARGIN: 0px 10px 10px 0px; WIDTH: 206px; FLOAT: left; HEIGHT: 400px; CURSOR: hand\" id=\"BLOGGER_PHOTO_ID_5539838884977330098\" border=\"0\" alt=\"\" src=\"http:\/\/1.bp.blogspot.com\/_rCm4mArCkLE\/TOF2HVP4R7I\/AAAAAAAAB_4\/BWeQ4fCIQL0\/s400\/vinnkalender.jpg\" \/><\/a><br \/>Favorit i repris! F\u00f6rra \u00e5ret hade vi en likadan t\u00e4vling tillsammans med Englas Showroom och \u00e5ret innan hade vi en egen. D\u00e5 firade vi att vi n\u00e4rmade oss 15 000 bes\u00f6kare och nu tv\u00e5 \u00e5r senare kan vi fira n\u00e4stan 60 000 bes\u00f6kare. Tack sn\u00e4lla f\u00f6r alla gulliga f\u00f6r alla kommentarer ni l\u00e4mnar \ud83d\ude42<\/p>\n<p>Vill \u00e4ven \u00e4ven i \u00e5r att ni ska ha chansen att vinna en fin paket\/julkalender fr\u00e5n Aspegren &#8211; Denmark. Den finns att k\u00f6pa i butiken Klara f\u00e4rdiga g\u00e5.<\/p>\n<p>T\u00e4vlingsregler:<br \/>L\u00e4mna en kommentar h\u00e4r med ett tips om vad man kan stoppa i paketen till kalendern&#8230;<\/p>\n<p>Har du en egen blogg har du m\u00f6jlighet att f\u00e5 en extra r\u00f6st genom att skriva n\u00e5gra rader och tipsa om t\u00e4vlingen.<\/p>\n<p>L\u00e5na g\u00e4rna bilden och texten nedan med l\u00e4nk b\u00e5de till t\u00e4vlingen samt till butiken. D\u00e5 r\u00e4knas din medverkan x 2. Gl\u00f6m inte att skriva i din kommentar h\u00e4r att du tipsat i din blogg. T\u00e4vlingen avslutas den 20 november 2010 kl 24:00. Har du ingen egen blogg s\u00e5 kan du ocks\u00e5 vara med, gl\u00f6m inte att skriva din mailadress.<\/p>\n<p>Kika in till Hemma hos Klara d\u00e4r kan du vinna en paketkalender<br \/>fr\u00e5n butiken www.klarafardiga.com<\/p>\n<p>Lycka till!<br \/>Kram Helena<\/p>\n","protected":false},"excerpt":{"rendered":"<p>Favorit i repris! F\u00f6rra \u00e5ret hade vi en likadan t\u00e4vling tillsammans med Englas Showroom och \u00e5ret innan hade vi en egen. D\u00e5 firade vi att vi n\u00e4rmade oss 15 000 bes\u00f6kare och nu tv\u00e5 \u00e5r senare kan vi fira n\u00e4stan 60 000 bes\u00f6kare. Tack sn\u00e4lla f\u00f6r alla gulliga f\u00f6r alla kommentarer ni l\u00e4mnar \ud83d\ude42 Vill \u00e4ven \u00e4ven i \u00e5r att ni ska ha chansen att vinna en fin paket\/julkalender fr\u00e5n Aspegren &#8211; Denmark. Den finns att k\u00f6pa i butiken Klara f\u00e4rdiga g\u00e5. T\u00e4vlingsregler:L\u00e4mna en kommentar h\u00e4r med ett tips om vad man kan stoppa i paketen till kalendern&#8230; Har du en egen blogg har du m\u00f6jlighet att f\u00e5 en extra r\u00f6st genom att skriva n\u00e5gra rader och tipsa om t\u00e4vlingen. L\u00e5na g\u00e4rna bilden och texten nedan med l\u00e4nk b\u00e5de till t\u00e4vlingen samt till butiken. D\u00e5 r\u00e4knas din medverkan x 2. Gl\u00f6m inte att skriva i din kommentar h\u00e4r att du tipsat i din blogg. T\u00e4vlingen avslutas den 20 november 2010 kl 24:00. Har du ingen egen blogg s\u00e5 kan du ocks\u00e5 vara med, gl\u00f6m inte att skriva din mailadress. Kika in till Hemma hos Klara d\u00e4r kan du vinna en paketkalenderfr\u00e5n butiken www.klarafardiga.com Lycka till!Kram Helena<\/p>\n","protected":false},"author":1,"featured_media":0,"comment_status":"open","ping_status":"open","sticky":false,"template":"","format":"standard","meta":{"footnotes":""},"categories":[1],"tags":[],"yoast_head":"<!-- This site is optimized with the Yoast SEO plugin v23.5 - https:\/\/yoast.com\/wordpress\/plugins\/seo\/ -->\n<title>Puffar f\u00f6r t\u00e4vlingen! Vinn paketkalender - Baka med KlaraForm<\/title>\n<meta name=\"robots\" content=\"index, follow, max-snippet:-1, max-image-preview:large, max-video-preview:-1\" \/>\n<link rel=\"canonical\" href=\"https:\/\/klarafardiga.com\/?p=193\" \/>\n<meta property=\"og:locale\" content=\"sv_SE\" \/>\n<meta property=\"og:type\" content=\"article\" \/>\n<meta property=\"og:title\" content=\"Puffar f\u00f6r t\u00e4vlingen! Vinn paketkalender - Baka med KlaraForm\" \/>\n<meta property=\"og:description\" content=\"Favorit i repris! F\u00f6rra \u00e5ret hade vi en likadan t\u00e4vling tillsammans med Englas Showroom och \u00e5ret innan hade vi en egen. D\u00e5 firade vi att vi n\u00e4rmade oss 15 000 bes\u00f6kare och nu tv\u00e5 \u00e5r senare kan vi fira n\u00e4stan 60 000 bes\u00f6kare. Tack sn\u00e4lla f\u00f6r alla gulliga f\u00f6r alla kommentarer ni l\u00e4mnar \ud83d\ude42 Vill \u00e4ven \u00e4ven i \u00e5r att ni ska ha chansen att vinna en fin paket\/julkalender fr\u00e5n Aspegren &#8211; Denmark. Den finns att k\u00f6pa i butiken Klara f\u00e4rdiga g\u00e5. T\u00e4vlingsregler:L\u00e4mna en kommentar h\u00e4r med ett tips om vad man kan stoppa i paketen till kalendern&#8230; Har du en egen blogg har du m\u00f6jlighet att f\u00e5 en extra r\u00f6st genom att skriva n\u00e5gra rader och tipsa om t\u00e4vlingen. L\u00e5na g\u00e4rna bilden och texten nedan med l\u00e4nk b\u00e5de till t\u00e4vlingen samt till butiken. D\u00e5 r\u00e4knas din medverkan x 2. Gl\u00f6m inte att skriva i din kommentar h\u00e4r att du tipsat i din blogg. T\u00e4vlingen avslutas den 20 november 2010 kl 24:00. Har du ingen egen blogg s\u00e5 kan du ocks\u00e5 vara med, gl\u00f6m inte att skriva din mailadress. Kika in till Hemma hos Klara d\u00e4r kan du vinna en paketkalenderfr\u00e5n butiken www.klarafardiga.com Lycka till!Kram Helena\" \/>\n<meta property=\"og:url\" content=\"https:\/\/klarafardiga.com\/?p=193\" \/>\n<meta property=\"og:site_name\" content=\"Baka med KlaraForm\" \/>\n<meta property=\"article:published_time\" content=\"2010-11-15T19:02:00+00:00\" \/>\n<meta property=\"og:image\" content=\"http:\/\/1.bp.blogspot.com\/_rCm4mArCkLE\/TOF2HVP4R7I\/AAAAAAAAB_4\/BWeQ4fCIQL0\/s400\/vinnkalender.jpg\" \/>\n<meta name=\"author\" content=\"admin\" \/>\n<meta name=\"twitter:card\" content=\"summary_large_image\" \/>\n<meta name=\"twitter:label1\" content=\"Skriven av\" \/>\n\t<meta name=\"twitter:data1\" content=\"admin\" \/>\n\t<meta name=\"twitter:label2\" content=\"Ber\u00e4knad l\u00e4stid\" \/>\n\t<meta name=\"twitter:data2\" content=\"1 minut\" \/>\n<script type=\"application\/ld+json\" class=\"yoast-schema-graph\">{\"@context\":\"https:\/\/schema.org\",\"@graph\":[{\"@type\":\"WebPage\",\"@id\":\"https:\/\/klarafardiga.com\/?p=193\",\"url\":\"https:\/\/klarafardiga.com\/?p=193\",\"name\":\"Puffar f\u00f6r t\u00e4vlingen! Vinn paketkalender - Baka med KlaraForm\",\"isPartOf\":{\"@id\":\"https:\/\/klarafardiga.com\/#website\"},\"primaryImageOfPage\":{\"@id\":\"https:\/\/klarafardiga.com\/?p=193#primaryimage\"},\"image\":{\"@id\":\"https:\/\/klarafardiga.com\/?p=193#primaryimage\"},\"thumbnailUrl\":\"http:\/\/1.bp.blogspot.com\/_rCm4mArCkLE\/TOF2HVP4R7I\/AAAAAAAAB_4\/BWeQ4fCIQL0\/s400\/vinnkalender.jpg\",\"datePublished\":\"2010-11-15T19:02:00+00:00\",\"dateModified\":\"2010-11-15T19:02:00+00:00\",\"author\":{\"@id\":\"https:\/\/klarafardiga.com\/#\/schema\/person\/0f54ba1da7c4c21dd7411ed3a8e9f8c0\"},\"breadcrumb\":{\"@id\":\"https:\/\/klarafardiga.com\/?p=193#breadcrumb\"},\"inLanguage\":\"sv-SE\",\"potentialAction\":[{\"@type\":\"ReadAction\",\"target\":[\"https:\/\/klarafardiga.com\/?p=193\"]}]},{\"@type\":\"ImageObject\",\"inLanguage\":\"sv-SE\",\"@id\":\"https:\/\/klarafardiga.com\/?p=193#primaryimage\",\"url\":\"http:\/\/1.bp.blogspot.com\/_rCm4mArCkLE\/TOF2HVP4R7I\/AAAAAAAAB_4\/BWeQ4fCIQL0\/s400\/vinnkalender.jpg\",\"contentUrl\":\"http:\/\/1.bp.blogspot.com\/_rCm4mArCkLE\/TOF2HVP4R7I\/AAAAAAAAB_4\/BWeQ4fCIQL0\/s400\/vinnkalender.jpg\"},{\"@type\":\"BreadcrumbList\",\"@id\":\"https:\/\/klarafardiga.com\/?p=193#breadcrumb\",\"itemListElement\":[{\"@type\":\"ListItem\",\"position\":1,\"name\":\"Hem\",\"item\":\"https:\/\/klarafardiga.com\/\"},{\"@type\":\"ListItem\",\"position\":2,\"name\":\"Puffar f\u00f6r t\u00e4vlingen! Vinn paketkalender\"}]},{\"@type\":\"WebSite\",\"@id\":\"https:\/\/klarafardiga.com\/#website\",\"url\":\"https:\/\/klarafardiga.com\/\",\"name\":\"Baka med KlaraForm\",\"description\":\"Recept, tips och nyheter i butiken\",\"potentialAction\":[{\"@type\":\"SearchAction\",\"target\":{\"@type\":\"EntryPoint\",\"urlTemplate\":\"https:\/\/klarafardiga.com\/?s={search_term_string}\"},\"query-input\":{\"@type\":\"PropertyValueSpecification\",\"valueRequired\":true,\"valueName\":\"search_term_string\"}}],\"inLanguage\":\"sv-SE\"},{\"@type\":\"Person\",\"@id\":\"https:\/\/klarafardiga.com\/#\/schema\/person\/0f54ba1da7c4c21dd7411ed3a8e9f8c0\",\"name\":\"admin\",\"image\":{\"@type\":\"ImageObject\",\"inLanguage\":\"sv-SE\",\"@id\":\"https:\/\/klarafardiga.com\/#\/schema\/person\/image\/\",\"url\":\"https:\/\/secure.gravatar.com\/avatar\/356da59eaae0a6e58215761d8e8dabed?s=96&d=mm&r=g\",\"contentUrl\":\"https:\/\/secure.gravatar.com\/avatar\/356da59eaae0a6e58215761d8e8dabed?s=96&d=mm&r=g\",\"caption\":\"admin\"},\"sameAs\":[\"http:\/\/www.klaraform.se\"],\"url\":\"https:\/\/klarafardiga.com\/?author=1\"}]}<\/script>\n<!-- \/ Yoast SEO plugin. -->","yoast_head_json":{"title":"Puffar f\u00f6r t\u00e4vlingen! Vinn paketkalender - Baka med KlaraForm","robots":{"index":"index","follow":"follow","max-snippet":"max-snippet:-1","max-image-preview":"max-image-preview:large","max-video-preview":"max-video-preview:-1"},"canonical":"https:\/\/klarafardiga.com\/?p=193","og_locale":"sv_SE","og_type":"article","og_title":"Puffar f\u00f6r t\u00e4vlingen! Vinn paketkalender - Baka med KlaraForm","og_description":"Favorit i repris! F\u00f6rra \u00e5ret hade vi en likadan t\u00e4vling tillsammans med Englas Showroom och \u00e5ret innan hade vi en egen. D\u00e5 firade vi att vi n\u00e4rmade oss 15 000 bes\u00f6kare och nu tv\u00e5 \u00e5r senare kan vi fira n\u00e4stan 60 000 bes\u00f6kare. Tack sn\u00e4lla f\u00f6r alla gulliga f\u00f6r alla kommentarer ni l\u00e4mnar \ud83d\ude42 Vill \u00e4ven \u00e4ven i \u00e5r att ni ska ha chansen att vinna en fin paket\/julkalender fr\u00e5n Aspegren &#8211; Denmark. Den finns att k\u00f6pa i butiken Klara f\u00e4rdiga g\u00e5. T\u00e4vlingsregler:L\u00e4mna en kommentar h\u00e4r med ett tips om vad man kan stoppa i paketen till kalendern&#8230; Har du en egen blogg har du m\u00f6jlighet att f\u00e5 en extra r\u00f6st genom att skriva n\u00e5gra rader och tipsa om t\u00e4vlingen. L\u00e5na g\u00e4rna bilden och texten nedan med l\u00e4nk b\u00e5de till t\u00e4vlingen samt till butiken. D\u00e5 r\u00e4knas din medverkan x 2. Gl\u00f6m inte att skriva i din kommentar h\u00e4r att du tipsat i din blogg. T\u00e4vlingen avslutas den 20 november 2010 kl 24:00. Har du ingen egen blogg s\u00e5 kan du ocks\u00e5 vara med, gl\u00f6m inte att skriva din mailadress. Kika in till Hemma hos Klara d\u00e4r kan du vinna en paketkalenderfr\u00e5n butiken www.klarafardiga.com Lycka till!Kram Helena","og_url":"https:\/\/klarafardiga.com\/?p=193","og_site_name":"Baka med KlaraForm","article_published_time":"2010-11-15T19:02:00+00:00","og_image":[{"url":"http:\/\/1.bp.blogspot.com\/_rCm4mArCkLE\/TOF2HVP4R7I\/AAAAAAAAB_4\/BWeQ4fCIQL0\/s400\/vinnkalender.jpg"}],"author":"admin","twitter_card":"summary_large_image","twitter_misc":{"Skriven av":"admin","Ber\u00e4knad l\u00e4stid":"1 minut"},"schema":{"@context":"https:\/\/schema.org","@graph":[{"@type":"WebPage","@id":"https:\/\/klarafardiga.com\/?p=193","url":"https:\/\/klarafardiga.com\/?p=193","name":"Puffar f\u00f6r t\u00e4vlingen! Vinn paketkalender - Baka med KlaraForm","isPartOf":{"@id":"https:\/\/klarafardiga.com\/#website"},"primaryImageOfPage":{"@id":"https:\/\/klarafardiga.com\/?p=193#primaryimage"},"image":{"@id":"https:\/\/klarafardiga.com\/?p=193#primaryimage"},"thumbnailUrl":"http:\/\/1.bp.blogspot.com\/_rCm4mArCkLE\/TOF2HVP4R7I\/AAAAAAAAB_4\/BWeQ4fCIQL0\/s400\/vinnkalender.jpg","datePublished":"2010-11-15T19:02:00+00:00","dateModified":"2010-11-15T19:02:00+00:00","author":{"@id":"https:\/\/klarafardiga.com\/#\/schema\/person\/0f54ba1da7c4c21dd7411ed3a8e9f8c0"},"breadcrumb":{"@id":"https:\/\/klarafardiga.com\/?p=193#breadcrumb"},"inLanguage":"sv-SE","potentialAction":[{"@type":"ReadAction","target":["https:\/\/klarafardiga.com\/?p=193"]}]},{"@type":"ImageObject","inLanguage":"sv-SE","@id":"https:\/\/klarafardiga.com\/?p=193#primaryimage","url":"http:\/\/1.bp.blogspot.com\/_rCm4mArCkLE\/TOF2HVP4R7I\/AAAAAAAAB_4\/BWeQ4fCIQL0\/s400\/vinnkalender.jpg","contentUrl":"http:\/\/1.bp.blogspot.com\/_rCm4mArCkLE\/TOF2HVP4R7I\/AAAAAAAAB_4\/BWeQ4fCIQL0\/s400\/vinnkalender.jpg"},{"@type":"BreadcrumbList","@id":"https:\/\/klarafardiga.com\/?p=193#breadcrumb","itemListElement":[{"@type":"ListItem","position":1,"name":"Hem","item":"https:\/\/klarafardiga.com\/"},{"@type":"ListItem","position":2,"name":"Puffar f\u00f6r t\u00e4vlingen! Vinn paketkalender"}]},{"@type":"WebSite","@id":"https:\/\/klarafardiga.com\/#website","url":"https:\/\/klarafardiga.com\/","name":"Baka med KlaraForm","description":"Recept, tips och nyheter i butiken","potentialAction":[{"@type":"SearchAction","target":{"@type":"EntryPoint","urlTemplate":"https:\/\/klarafardiga.com\/?s={search_term_string}"},"query-input":{"@type":"PropertyValueSpecification","valueRequired":true,"valueName":"search_term_string"}}],"inLanguage":"sv-SE"},{"@type":"Person","@id":"https:\/\/klarafardiga.com\/#\/schema\/person\/0f54ba1da7c4c21dd7411ed3a8e9f8c0","name":"admin","image":{"@type":"ImageObject","inLanguage":"sv-SE","@id":"https:\/\/klarafardiga.com\/#\/schema\/person\/image\/","url":"https:\/\/secure.gravatar.com\/avatar\/356da59eaae0a6e58215761d8e8dabed?s=96&d=mm&r=g","contentUrl":"https:\/\/secure.gravatar.com\/avatar\/356da59eaae0a6e58215761d8e8dabed?s=96&d=mm&r=g","caption":"admin"},"sameAs":["http:\/\/www.klaraform.se"],"url":"https:\/\/klarafardiga.com\/?author=1"}]}},"_links":{"self":[{"href":"https:\/\/klarafardiga.com\/index.php?rest_route=\/wp\/v2\/posts\/193"}],"collection":[{"href":"https:\/\/klarafardiga.com\/index.php?rest_route=\/wp\/v2\/posts"}],"about":[{"href":"https:\/\/klarafardiga.com\/index.php?rest_route=\/wp\/v2\/types\/post"}],"author":[{"embeddable":true,"href":"https:\/\/klarafardiga.com\/index.php?rest_route=\/wp\/v2\/users\/1"}],"replies":[{"embeddable":true,"href":"https:\/\/klarafardiga.com\/index.php?rest_route=%2Fwp%2Fv2%2Fcomments&post=193"}],"version-history":[{"count":0,"href":"https:\/\/klarafardiga.com\/index.php?rest_route=\/wp\/v2\/posts\/193\/revisions"}],"wp:attachment":[{"href":"https:\/\/klarafardiga.com\/index.php?rest_route=%2Fwp%2Fv2%2Fmedia&parent=193"}],"wp:term":[{"taxonomy":"category","embeddable":true,"href":"https:\/\/klarafardiga.com\/index.php?rest_route=%2Fwp%2Fv2%2Fcategories&post=193"},{"taxonomy":"post_tag","embeddable":true,"href":"https:\/\/klarafardiga.com\/index.php?rest_route=%2Fwp%2Fv2%2Ftags&post=193"}],"curies":[{"name":"wp","href":"https:\/\/api.w.org\/{rel}","templated":true}]}}