{"id":191,"date":"2010-11-08T20:30:00","date_gmt":"2010-11-08T19:30:00","guid":{"rendered":"http:\/\/klarafardiga.com\/?p=191"},"modified":"2010-11-08T20:30:00","modified_gmt":"2010-11-08T19:30:00","slug":"smaksatt-gradde","status":"publish","type":"post","link":"https:\/\/klarafardiga.com\/?p=191","title":{"rendered":"Smaksatt gr\u00e4dde&#8230;"},"content":{"rendered":"<p><a href=\"http:\/\/3.bp.blogspot.com\/_rCm4mArCkLE\/TNhC4a0THKI\/AAAAAAAAB_o\/9pJXoj5_F70\/s1600\/Arla-smaksatt-vispgradde-jordgubb.jpg\"><img decoding=\"async\" style=\"MARGIN: 0px 10px 10px 0px; WIDTH: 400px; FLOAT: left; HEIGHT: 288px; CURSOR: hand\" id=\"BLOGGER_PHOTO_ID_5537249278890810530\" border=\"0\" alt=\"\" src=\"http:\/\/3.bp.blogspot.com\/_rCm4mArCkLE\/TNhC4a0THKI\/AAAAAAAAB_o\/9pJXoj5_F70\/s400\/Arla-smaksatt-vispgradde-jordgubb.jpg\" \/><\/a>&#8230;Fr\u00e5n Arla. En svensk klassiker i ny tappning. Nu finns smaksatt vispgr\u00e4dde i butikernas mejerikylar. L\u00e4ttvispad, kr\u00e4mig, i smakerna choklad och jordgubb. Smaksatt vispgr\u00e4dde fungerar p\u00e5 samma s\u00e4tt som vanlig vispgr\u00e4dde och \u00e4r ett utm\u00e4rkt alternativ till glass,vaniljs\u00e5s eller sylt. Den fungerar dessutom bra som bas i exempelvis parfait och mousse eller att avnjutas precis som den \u00e4r.<\/p>\n<p>Nu hoppas jag att jag f\u00e5r <strong><a href=\"http:\/\/smartsontestpilot.se\/arla-smaksatt-vispgradde\/bli-testpilot\/\">bli testpilot via Smartson,<\/a><\/strong> t\u00e4nk att f\u00e5 spritsa jordgubbsgr\u00e4dde p\u00e5 en cupcake \ud83d\ude42<\/p>\n<p>Ha en fortsatt h\u00e4rlig vecka och gl\u00f6m inte att t\u00e4vla!<\/p>\n","protected":false},"excerpt":{"rendered":"<p>&#8230;Fr\u00e5n Arla. En svensk klassiker i ny tappning. Nu finns smaksatt vispgr\u00e4dde i butikernas mejerikylar. L\u00e4ttvispad, kr\u00e4mig, i smakerna choklad och jordgubb. Smaksatt vispgr\u00e4dde fungerar p\u00e5 samma s\u00e4tt som vanlig vispgr\u00e4dde och \u00e4r ett utm\u00e4rkt alternativ till glass,vaniljs\u00e5s eller sylt. Den fungerar dessutom bra som bas i exempelvis parfait och mousse eller att avnjutas precis som den \u00e4r. Nu hoppas jag att jag f\u00e5r bli testpilot via Smartson, t\u00e4nk att f\u00e5 spritsa jordgubbsgr\u00e4dde p\u00e5 en cupcake \ud83d\ude42 Ha en fortsatt h\u00e4rlig vecka och gl\u00f6m inte att t\u00e4vla!<\/p>\n","protected":false},"author":1,"featured_media":0,"comment_status":"open","ping_status":"open","sticky":false,"template":"","format":"standard","meta":{"footnotes":""},"categories":[9],"tags":[],"yoast_head":"<!-- This site is optimized with the Yoast SEO plugin v23.5 - https:\/\/yoast.com\/wordpress\/plugins\/seo\/ -->\n<title>Smaksatt gr\u00e4dde... - Baka med KlaraForm<\/title>\n<meta name=\"robots\" content=\"index, follow, max-snippet:-1, max-image-preview:large, max-video-preview:-1\" \/>\n<link rel=\"canonical\" href=\"https:\/\/klarafardiga.com\/?p=191\" \/>\n<meta property=\"og:locale\" content=\"sv_SE\" \/>\n<meta property=\"og:type\" content=\"article\" \/>\n<meta property=\"og:title\" content=\"Smaksatt gr\u00e4dde... - Baka med KlaraForm\" \/>\n<meta property=\"og:description\" content=\"&#8230;Fr\u00e5n Arla. En svensk klassiker i ny tappning. Nu finns smaksatt vispgr\u00e4dde i butikernas mejerikylar. L\u00e4ttvispad, kr\u00e4mig, i smakerna choklad och jordgubb. Smaksatt vispgr\u00e4dde fungerar p\u00e5 samma s\u00e4tt som vanlig vispgr\u00e4dde och \u00e4r ett utm\u00e4rkt alternativ till glass,vaniljs\u00e5s eller sylt. Den fungerar dessutom bra som bas i exempelvis parfait och mousse eller att avnjutas precis som den \u00e4r. Nu hoppas jag att jag f\u00e5r bli testpilot via Smartson, t\u00e4nk att f\u00e5 spritsa jordgubbsgr\u00e4dde p\u00e5 en cupcake \ud83d\ude42 Ha en fortsatt h\u00e4rlig vecka och gl\u00f6m inte att t\u00e4vla!\" \/>\n<meta property=\"og:url\" content=\"https:\/\/klarafardiga.com\/?p=191\" \/>\n<meta property=\"og:site_name\" content=\"Baka med KlaraForm\" \/>\n<meta property=\"article:published_time\" content=\"2010-11-08T19:30:00+00:00\" \/>\n<meta property=\"og:image\" content=\"http:\/\/3.bp.blogspot.com\/_rCm4mArCkLE\/TNhC4a0THKI\/AAAAAAAAB_o\/9pJXoj5_F70\/s400\/Arla-smaksatt-vispgradde-jordgubb.jpg\" \/>\n<meta name=\"author\" content=\"admin\" \/>\n<meta name=\"twitter:card\" content=\"summary_large_image\" \/>\n<meta name=\"twitter:label1\" content=\"Skriven av\" \/>\n\t<meta name=\"twitter:data1\" content=\"admin\" \/>\n\t<meta name=\"twitter:label2\" content=\"Ber\u00e4knad l\u00e4stid\" \/>\n\t<meta name=\"twitter:data2\" content=\"1 minut\" \/>\n<script type=\"application\/ld+json\" class=\"yoast-schema-graph\">{\"@context\":\"https:\/\/schema.org\",\"@graph\":[{\"@type\":\"WebPage\",\"@id\":\"https:\/\/klarafardiga.com\/?p=191\",\"url\":\"https:\/\/klarafardiga.com\/?p=191\",\"name\":\"Smaksatt gr\u00e4dde... - Baka med KlaraForm\",\"isPartOf\":{\"@id\":\"https:\/\/klarafardiga.com\/#website\"},\"primaryImageOfPage\":{\"@id\":\"https:\/\/klarafardiga.com\/?p=191#primaryimage\"},\"image\":{\"@id\":\"https:\/\/klarafardiga.com\/?p=191#primaryimage\"},\"thumbnailUrl\":\"http:\/\/3.bp.blogspot.com\/_rCm4mArCkLE\/TNhC4a0THKI\/AAAAAAAAB_o\/9pJXoj5_F70\/s400\/Arla-smaksatt-vispgradde-jordgubb.jpg\",\"datePublished\":\"2010-11-08T19:30:00+00:00\",\"dateModified\":\"2010-11-08T19:30:00+00:00\",\"author\":{\"@id\":\"https:\/\/klarafardiga.com\/#\/schema\/person\/0f54ba1da7c4c21dd7411ed3a8e9f8c0\"},\"breadcrumb\":{\"@id\":\"https:\/\/klarafardiga.com\/?p=191#breadcrumb\"},\"inLanguage\":\"sv-SE\",\"potentialAction\":[{\"@type\":\"ReadAction\",\"target\":[\"https:\/\/klarafardiga.com\/?p=191\"]}]},{\"@type\":\"ImageObject\",\"inLanguage\":\"sv-SE\",\"@id\":\"https:\/\/klarafardiga.com\/?p=191#primaryimage\",\"url\":\"http:\/\/3.bp.blogspot.com\/_rCm4mArCkLE\/TNhC4a0THKI\/AAAAAAAAB_o\/9pJXoj5_F70\/s400\/Arla-smaksatt-vispgradde-jordgubb.jpg\",\"contentUrl\":\"http:\/\/3.bp.blogspot.com\/_rCm4mArCkLE\/TNhC4a0THKI\/AAAAAAAAB_o\/9pJXoj5_F70\/s400\/Arla-smaksatt-vispgradde-jordgubb.jpg\"},{\"@type\":\"BreadcrumbList\",\"@id\":\"https:\/\/klarafardiga.com\/?p=191#breadcrumb\",\"itemListElement\":[{\"@type\":\"ListItem\",\"position\":1,\"name\":\"Hem\",\"item\":\"https:\/\/klarafardiga.com\/\"},{\"@type\":\"ListItem\",\"position\":2,\"name\":\"Smaksatt gr\u00e4dde&#8230;\"}]},{\"@type\":\"WebSite\",\"@id\":\"https:\/\/klarafardiga.com\/#website\",\"url\":\"https:\/\/klarafardiga.com\/\",\"name\":\"Baka med KlaraForm\",\"description\":\"Recept, tips och nyheter i butiken\",\"potentialAction\":[{\"@type\":\"SearchAction\",\"target\":{\"@type\":\"EntryPoint\",\"urlTemplate\":\"https:\/\/klarafardiga.com\/?s={search_term_string}\"},\"query-input\":{\"@type\":\"PropertyValueSpecification\",\"valueRequired\":true,\"valueName\":\"search_term_string\"}}],\"inLanguage\":\"sv-SE\"},{\"@type\":\"Person\",\"@id\":\"https:\/\/klarafardiga.com\/#\/schema\/person\/0f54ba1da7c4c21dd7411ed3a8e9f8c0\",\"name\":\"admin\",\"image\":{\"@type\":\"ImageObject\",\"inLanguage\":\"sv-SE\",\"@id\":\"https:\/\/klarafardiga.com\/#\/schema\/person\/image\/\",\"url\":\"https:\/\/secure.gravatar.com\/avatar\/356da59eaae0a6e58215761d8e8dabed?s=96&d=mm&r=g\",\"contentUrl\":\"https:\/\/secure.gravatar.com\/avatar\/356da59eaae0a6e58215761d8e8dabed?s=96&d=mm&r=g\",\"caption\":\"admin\"},\"sameAs\":[\"http:\/\/www.klaraform.se\"],\"url\":\"https:\/\/klarafardiga.com\/?author=1\"}]}<\/script>\n<!-- \/ Yoast SEO plugin. -->","yoast_head_json":{"title":"Smaksatt gr\u00e4dde... - Baka med KlaraForm","robots":{"index":"index","follow":"follow","max-snippet":"max-snippet:-1","max-image-preview":"max-image-preview:large","max-video-preview":"max-video-preview:-1"},"canonical":"https:\/\/klarafardiga.com\/?p=191","og_locale":"sv_SE","og_type":"article","og_title":"Smaksatt gr\u00e4dde... - Baka med KlaraForm","og_description":"&#8230;Fr\u00e5n Arla. En svensk klassiker i ny tappning. Nu finns smaksatt vispgr\u00e4dde i butikernas mejerikylar. L\u00e4ttvispad, kr\u00e4mig, i smakerna choklad och jordgubb. Smaksatt vispgr\u00e4dde fungerar p\u00e5 samma s\u00e4tt som vanlig vispgr\u00e4dde och \u00e4r ett utm\u00e4rkt alternativ till glass,vaniljs\u00e5s eller sylt. Den fungerar dessutom bra som bas i exempelvis parfait och mousse eller att avnjutas precis som den \u00e4r. Nu hoppas jag att jag f\u00e5r bli testpilot via Smartson, t\u00e4nk att f\u00e5 spritsa jordgubbsgr\u00e4dde p\u00e5 en cupcake \ud83d\ude42 Ha en fortsatt h\u00e4rlig vecka och gl\u00f6m inte att t\u00e4vla!","og_url":"https:\/\/klarafardiga.com\/?p=191","og_site_name":"Baka med KlaraForm","article_published_time":"2010-11-08T19:30:00+00:00","og_image":[{"url":"http:\/\/3.bp.blogspot.com\/_rCm4mArCkLE\/TNhC4a0THKI\/AAAAAAAAB_o\/9pJXoj5_F70\/s400\/Arla-smaksatt-vispgradde-jordgubb.jpg"}],"author":"admin","twitter_card":"summary_large_image","twitter_misc":{"Skriven av":"admin","Ber\u00e4knad l\u00e4stid":"1 minut"},"schema":{"@context":"https:\/\/schema.org","@graph":[{"@type":"WebPage","@id":"https:\/\/klarafardiga.com\/?p=191","url":"https:\/\/klarafardiga.com\/?p=191","name":"Smaksatt gr\u00e4dde... - Baka med KlaraForm","isPartOf":{"@id":"https:\/\/klarafardiga.com\/#website"},"primaryImageOfPage":{"@id":"https:\/\/klarafardiga.com\/?p=191#primaryimage"},"image":{"@id":"https:\/\/klarafardiga.com\/?p=191#primaryimage"},"thumbnailUrl":"http:\/\/3.bp.blogspot.com\/_rCm4mArCkLE\/TNhC4a0THKI\/AAAAAAAAB_o\/9pJXoj5_F70\/s400\/Arla-smaksatt-vispgradde-jordgubb.jpg","datePublished":"2010-11-08T19:30:00+00:00","dateModified":"2010-11-08T19:30:00+00:00","author":{"@id":"https:\/\/klarafardiga.com\/#\/schema\/person\/0f54ba1da7c4c21dd7411ed3a8e9f8c0"},"breadcrumb":{"@id":"https:\/\/klarafardiga.com\/?p=191#breadcrumb"},"inLanguage":"sv-SE","potentialAction":[{"@type":"ReadAction","target":["https:\/\/klarafardiga.com\/?p=191"]}]},{"@type":"ImageObject","inLanguage":"sv-SE","@id":"https:\/\/klarafardiga.com\/?p=191#primaryimage","url":"http:\/\/3.bp.blogspot.com\/_rCm4mArCkLE\/TNhC4a0THKI\/AAAAAAAAB_o\/9pJXoj5_F70\/s400\/Arla-smaksatt-vispgradde-jordgubb.jpg","contentUrl":"http:\/\/3.bp.blogspot.com\/_rCm4mArCkLE\/TNhC4a0THKI\/AAAAAAAAB_o\/9pJXoj5_F70\/s400\/Arla-smaksatt-vispgradde-jordgubb.jpg"},{"@type":"BreadcrumbList","@id":"https:\/\/klarafardiga.com\/?p=191#breadcrumb","itemListElement":[{"@type":"ListItem","position":1,"name":"Hem","item":"https:\/\/klarafardiga.com\/"},{"@type":"ListItem","position":2,"name":"Smaksatt gr\u00e4dde&#8230;"}]},{"@type":"WebSite","@id":"https:\/\/klarafardiga.com\/#website","url":"https:\/\/klarafardiga.com\/","name":"Baka med KlaraForm","description":"Recept, tips och nyheter i butiken","potentialAction":[{"@type":"SearchAction","target":{"@type":"EntryPoint","urlTemplate":"https:\/\/klarafardiga.com\/?s={search_term_string}"},"query-input":{"@type":"PropertyValueSpecification","valueRequired":true,"valueName":"search_term_string"}}],"inLanguage":"sv-SE"},{"@type":"Person","@id":"https:\/\/klarafardiga.com\/#\/schema\/person\/0f54ba1da7c4c21dd7411ed3a8e9f8c0","name":"admin","image":{"@type":"ImageObject","inLanguage":"sv-SE","@id":"https:\/\/klarafardiga.com\/#\/schema\/person\/image\/","url":"https:\/\/secure.gravatar.com\/avatar\/356da59eaae0a6e58215761d8e8dabed?s=96&d=mm&r=g","contentUrl":"https:\/\/secure.gravatar.com\/avatar\/356da59eaae0a6e58215761d8e8dabed?s=96&d=mm&r=g","caption":"admin"},"sameAs":["http:\/\/www.klaraform.se"],"url":"https:\/\/klarafardiga.com\/?author=1"}]}},"_links":{"self":[{"href":"https:\/\/klarafardiga.com\/index.php?rest_route=\/wp\/v2\/posts\/191"}],"collection":[{"href":"https:\/\/klarafardiga.com\/index.php?rest_route=\/wp\/v2\/posts"}],"about":[{"href":"https:\/\/klarafardiga.com\/index.php?rest_route=\/wp\/v2\/types\/post"}],"author":[{"embeddable":true,"href":"https:\/\/klarafardiga.com\/index.php?rest_route=\/wp\/v2\/users\/1"}],"replies":[{"embeddable":true,"href":"https:\/\/klarafardiga.com\/index.php?rest_route=%2Fwp%2Fv2%2Fcomments&post=191"}],"version-history":[{"count":0,"href":"https:\/\/klarafardiga.com\/index.php?rest_route=\/wp\/v2\/posts\/191\/revisions"}],"wp:attachment":[{"href":"https:\/\/klarafardiga.com\/index.php?rest_route=%2Fwp%2Fv2%2Fmedia&parent=191"}],"wp:term":[{"taxonomy":"category","embeddable":true,"href":"https:\/\/klarafardiga.com\/index.php?rest_route=%2Fwp%2Fv2%2Fcategories&post=191"},{"taxonomy":"post_tag","embeddable":true,"href":"https:\/\/klarafardiga.com\/index.php?rest_route=%2Fwp%2Fv2%2Ftags&post=191"}],"curies":[{"name":"wp","href":"https:\/\/api.w.org\/{rel}","templated":true}]}}