{"id":185,"date":"2010-10-03T23:16:00","date_gmt":"2010-10-03T21:16:00","guid":{"rendered":"http:\/\/klarafardiga.com\/?p=185"},"modified":"2010-10-03T23:16:00","modified_gmt":"2010-10-03T21:16:00","slug":"kanelbullens-dag","status":"publish","type":"post","link":"https:\/\/klarafardiga.com\/?p=185","title":{"rendered":"Kanelbullens dag&#8230;"},"content":{"rendered":"<p><em>Citat fr\u00e5n Wikipedia: &#8221;Kanelbullens dag den 4 oktober \u00e4r i Sverige en \u00e5rlig temadag, som instiftades 1999 av Kaeth Gardestedt, d\u00e5 projektansvarig f\u00f6r Hembakningsr\u00e5det. Id\u00e9n bakom temadagen kommer fr\u00e5n Nordic Sugar, som st\u00e5r bakom Hembakningsr\u00e5det och som enligt f\u00f6retagets egna uppgifter producerar mer \u00e4n 1,3 miljoner ton socker fr\u00e5n odlare i de nordiska l\u00e4nderna. Syftet med dagen \u2013 f\u00f6rutom att stimulera sin f\u00f6rs\u00e4ljning av socker \u2013 \u00e4r att uppm\u00e4rksamma den rika bulltraditionen som finns i Sverige, med speciellt fokus p\u00e5 den anrika kanelbullen.&#8221; <\/em><br \/><em><\/p>\n<p><\/em><em><\/em><img decoding=\"async\" style=\"TEXT-ALIGN: center; MARGIN: 0px auto 10px; WIDTH: 400px; DISPLAY: block; HEIGHT: 275px; CURSOR: hand\" id=\"BLOGGER_PHOTO_ID_5523932363447137826\" border=\"0\" alt=\"\" src=\"http:\/\/2.bp.blogspot.com\/_rCm4mArCkLE\/TKjzN66M9iI\/AAAAAAAAB_A\/hKmbD7x7khc\/s400\/kanrlbullensdag.jpg\" \/><br \/>\u00c4t bullar allts\u00e5 \ud83d\ude42 och f\u00f6r den som saknar formar s\u00e5 finns det massor av glada p\u00e5 <a href=\"http:\/\/www.klarafardiga.com\/\">www.klarafardiga.com<\/a> Anv\u00e4nd koden KANELBULLE och du f\u00e5r 10% p\u00e5 alla bull\/cupcake\/muffinsformar. Du skriver i koden n\u00e4r du kikar i kundvagnen (innan du g\u00e5r till kassan). G\u00e4ller endast under Kanelbullens dag den 4 oktober 2010. <br \/>Ha en h\u00e4rlig m\u00e5ndag allihopa!<br \/>Kram Helena<\/p>\n","protected":false},"excerpt":{"rendered":"<p>Citat fr\u00e5n Wikipedia: &#8221;Kanelbullens dag den 4 oktober \u00e4r i Sverige en \u00e5rlig temadag, som instiftades 1999 av Kaeth Gardestedt, d\u00e5 projektansvarig f\u00f6r Hembakningsr\u00e5det. Id\u00e9n bakom temadagen kommer fr\u00e5n Nordic Sugar, som st\u00e5r bakom Hembakningsr\u00e5det och som enligt f\u00f6retagets egna uppgifter producerar mer \u00e4n 1,3 miljoner ton socker fr\u00e5n odlare i de nordiska l\u00e4nderna. Syftet med dagen \u2013 f\u00f6rutom att stimulera sin f\u00f6rs\u00e4ljning av socker \u2013 \u00e4r att uppm\u00e4rksamma den rika bulltraditionen som finns i Sverige, med speciellt fokus p\u00e5 den anrika kanelbullen.&#8221; \u00c4t bullar allts\u00e5 \ud83d\ude42 och f\u00f6r den som saknar formar s\u00e5 finns det massor av glada p\u00e5 www.klarafardiga.com Anv\u00e4nd koden KANELBULLE och du f\u00e5r 10% p\u00e5 alla bull\/cupcake\/muffinsformar. Du skriver i koden n\u00e4r du kikar i kundvagnen (innan du g\u00e5r till kassan). G\u00e4ller endast under Kanelbullens dag den 4 oktober 2010. Ha en h\u00e4rlig m\u00e5ndag allihopa!Kram Helena<\/p>\n","protected":false},"author":1,"featured_media":0,"comment_status":"open","ping_status":"open","sticky":false,"template":"","format":"standard","meta":{"footnotes":""},"categories":[8],"tags":[],"yoast_head":"<!-- This site is optimized with the Yoast SEO plugin v23.5 - https:\/\/yoast.com\/wordpress\/plugins\/seo\/ -->\n<title>Kanelbullens dag... - Baka med KlaraForm<\/title>\n<meta name=\"robots\" content=\"index, follow, max-snippet:-1, max-image-preview:large, max-video-preview:-1\" \/>\n<link rel=\"canonical\" href=\"https:\/\/klarafardiga.com\/?p=185\" \/>\n<meta property=\"og:locale\" content=\"sv_SE\" \/>\n<meta property=\"og:type\" content=\"article\" \/>\n<meta property=\"og:title\" content=\"Kanelbullens dag... - Baka med KlaraForm\" \/>\n<meta property=\"og:description\" content=\"Citat fr\u00e5n Wikipedia: &#8221;Kanelbullens dag den 4 oktober \u00e4r i Sverige en \u00e5rlig temadag, som instiftades 1999 av Kaeth Gardestedt, d\u00e5 projektansvarig f\u00f6r Hembakningsr\u00e5det. Id\u00e9n bakom temadagen kommer fr\u00e5n Nordic Sugar, som st\u00e5r bakom Hembakningsr\u00e5det och som enligt f\u00f6retagets egna uppgifter producerar mer \u00e4n 1,3 miljoner ton socker fr\u00e5n odlare i de nordiska l\u00e4nderna. Syftet med dagen \u2013 f\u00f6rutom att stimulera sin f\u00f6rs\u00e4ljning av socker \u2013 \u00e4r att uppm\u00e4rksamma den rika bulltraditionen som finns i Sverige, med speciellt fokus p\u00e5 den anrika kanelbullen.&#8221; \u00c4t bullar allts\u00e5 \ud83d\ude42 och f\u00f6r den som saknar formar s\u00e5 finns det massor av glada p\u00e5 www.klarafardiga.com Anv\u00e4nd koden KANELBULLE och du f\u00e5r 10% p\u00e5 alla bull\/cupcake\/muffinsformar. Du skriver i koden n\u00e4r du kikar i kundvagnen (innan du g\u00e5r till kassan). G\u00e4ller endast under Kanelbullens dag den 4 oktober 2010. Ha en h\u00e4rlig m\u00e5ndag allihopa!Kram Helena\" \/>\n<meta property=\"og:url\" content=\"https:\/\/klarafardiga.com\/?p=185\" \/>\n<meta property=\"og:site_name\" content=\"Baka med KlaraForm\" \/>\n<meta property=\"article:published_time\" content=\"2010-10-03T21:16:00+00:00\" \/>\n<meta property=\"og:image\" content=\"http:\/\/2.bp.blogspot.com\/_rCm4mArCkLE\/TKjzN66M9iI\/AAAAAAAAB_A\/hKmbD7x7khc\/s400\/kanrlbullensdag.jpg\" \/>\n<meta name=\"author\" content=\"admin\" \/>\n<meta name=\"twitter:card\" content=\"summary_large_image\" \/>\n<meta name=\"twitter:label1\" content=\"Skriven av\" \/>\n\t<meta name=\"twitter:data1\" content=\"admin\" \/>\n\t<meta name=\"twitter:label2\" content=\"Ber\u00e4knad l\u00e4stid\" \/>\n\t<meta name=\"twitter:data2\" content=\"1 minut\" \/>\n<script type=\"application\/ld+json\" class=\"yoast-schema-graph\">{\"@context\":\"https:\/\/schema.org\",\"@graph\":[{\"@type\":\"WebPage\",\"@id\":\"https:\/\/klarafardiga.com\/?p=185\",\"url\":\"https:\/\/klarafardiga.com\/?p=185\",\"name\":\"Kanelbullens dag... - Baka med KlaraForm\",\"isPartOf\":{\"@id\":\"https:\/\/klarafardiga.com\/#website\"},\"primaryImageOfPage\":{\"@id\":\"https:\/\/klarafardiga.com\/?p=185#primaryimage\"},\"image\":{\"@id\":\"https:\/\/klarafardiga.com\/?p=185#primaryimage\"},\"thumbnailUrl\":\"http:\/\/2.bp.blogspot.com\/_rCm4mArCkLE\/TKjzN66M9iI\/AAAAAAAAB_A\/hKmbD7x7khc\/s400\/kanrlbullensdag.jpg\",\"datePublished\":\"2010-10-03T21:16:00+00:00\",\"dateModified\":\"2010-10-03T21:16:00+00:00\",\"author\":{\"@id\":\"https:\/\/klarafardiga.com\/#\/schema\/person\/0f54ba1da7c4c21dd7411ed3a8e9f8c0\"},\"breadcrumb\":{\"@id\":\"https:\/\/klarafardiga.com\/?p=185#breadcrumb\"},\"inLanguage\":\"sv-SE\",\"potentialAction\":[{\"@type\":\"ReadAction\",\"target\":[\"https:\/\/klarafardiga.com\/?p=185\"]}]},{\"@type\":\"ImageObject\",\"inLanguage\":\"sv-SE\",\"@id\":\"https:\/\/klarafardiga.com\/?p=185#primaryimage\",\"url\":\"http:\/\/2.bp.blogspot.com\/_rCm4mArCkLE\/TKjzN66M9iI\/AAAAAAAAB_A\/hKmbD7x7khc\/s400\/kanrlbullensdag.jpg\",\"contentUrl\":\"http:\/\/2.bp.blogspot.com\/_rCm4mArCkLE\/TKjzN66M9iI\/AAAAAAAAB_A\/hKmbD7x7khc\/s400\/kanrlbullensdag.jpg\"},{\"@type\":\"BreadcrumbList\",\"@id\":\"https:\/\/klarafardiga.com\/?p=185#breadcrumb\",\"itemListElement\":[{\"@type\":\"ListItem\",\"position\":1,\"name\":\"Hem\",\"item\":\"https:\/\/klarafardiga.com\/\"},{\"@type\":\"ListItem\",\"position\":2,\"name\":\"Kanelbullens dag&#8230;\"}]},{\"@type\":\"WebSite\",\"@id\":\"https:\/\/klarafardiga.com\/#website\",\"url\":\"https:\/\/klarafardiga.com\/\",\"name\":\"Baka med KlaraForm\",\"description\":\"Recept, tips och nyheter i butiken\",\"potentialAction\":[{\"@type\":\"SearchAction\",\"target\":{\"@type\":\"EntryPoint\",\"urlTemplate\":\"https:\/\/klarafardiga.com\/?s={search_term_string}\"},\"query-input\":{\"@type\":\"PropertyValueSpecification\",\"valueRequired\":true,\"valueName\":\"search_term_string\"}}],\"inLanguage\":\"sv-SE\"},{\"@type\":\"Person\",\"@id\":\"https:\/\/klarafardiga.com\/#\/schema\/person\/0f54ba1da7c4c21dd7411ed3a8e9f8c0\",\"name\":\"admin\",\"image\":{\"@type\":\"ImageObject\",\"inLanguage\":\"sv-SE\",\"@id\":\"https:\/\/klarafardiga.com\/#\/schema\/person\/image\/\",\"url\":\"https:\/\/secure.gravatar.com\/avatar\/356da59eaae0a6e58215761d8e8dabed?s=96&d=mm&r=g\",\"contentUrl\":\"https:\/\/secure.gravatar.com\/avatar\/356da59eaae0a6e58215761d8e8dabed?s=96&d=mm&r=g\",\"caption\":\"admin\"},\"sameAs\":[\"http:\/\/www.klaraform.se\"],\"url\":\"https:\/\/klarafardiga.com\/?author=1\"}]}<\/script>\n<!-- \/ Yoast SEO plugin. -->","yoast_head_json":{"title":"Kanelbullens dag... - Baka med KlaraForm","robots":{"index":"index","follow":"follow","max-snippet":"max-snippet:-1","max-image-preview":"max-image-preview:large","max-video-preview":"max-video-preview:-1"},"canonical":"https:\/\/klarafardiga.com\/?p=185","og_locale":"sv_SE","og_type":"article","og_title":"Kanelbullens dag... - Baka med KlaraForm","og_description":"Citat fr\u00e5n Wikipedia: &#8221;Kanelbullens dag den 4 oktober \u00e4r i Sverige en \u00e5rlig temadag, som instiftades 1999 av Kaeth Gardestedt, d\u00e5 projektansvarig f\u00f6r Hembakningsr\u00e5det. Id\u00e9n bakom temadagen kommer fr\u00e5n Nordic Sugar, som st\u00e5r bakom Hembakningsr\u00e5det och som enligt f\u00f6retagets egna uppgifter producerar mer \u00e4n 1,3 miljoner ton socker fr\u00e5n odlare i de nordiska l\u00e4nderna. Syftet med dagen \u2013 f\u00f6rutom att stimulera sin f\u00f6rs\u00e4ljning av socker \u2013 \u00e4r att uppm\u00e4rksamma den rika bulltraditionen som finns i Sverige, med speciellt fokus p\u00e5 den anrika kanelbullen.&#8221; \u00c4t bullar allts\u00e5 \ud83d\ude42 och f\u00f6r den som saknar formar s\u00e5 finns det massor av glada p\u00e5 www.klarafardiga.com Anv\u00e4nd koden KANELBULLE och du f\u00e5r 10% p\u00e5 alla bull\/cupcake\/muffinsformar. Du skriver i koden n\u00e4r du kikar i kundvagnen (innan du g\u00e5r till kassan). G\u00e4ller endast under Kanelbullens dag den 4 oktober 2010. Ha en h\u00e4rlig m\u00e5ndag allihopa!Kram Helena","og_url":"https:\/\/klarafardiga.com\/?p=185","og_site_name":"Baka med KlaraForm","article_published_time":"2010-10-03T21:16:00+00:00","og_image":[{"url":"http:\/\/2.bp.blogspot.com\/_rCm4mArCkLE\/TKjzN66M9iI\/AAAAAAAAB_A\/hKmbD7x7khc\/s400\/kanrlbullensdag.jpg"}],"author":"admin","twitter_card":"summary_large_image","twitter_misc":{"Skriven av":"admin","Ber\u00e4knad l\u00e4stid":"1 minut"},"schema":{"@context":"https:\/\/schema.org","@graph":[{"@type":"WebPage","@id":"https:\/\/klarafardiga.com\/?p=185","url":"https:\/\/klarafardiga.com\/?p=185","name":"Kanelbullens dag... - Baka med KlaraForm","isPartOf":{"@id":"https:\/\/klarafardiga.com\/#website"},"primaryImageOfPage":{"@id":"https:\/\/klarafardiga.com\/?p=185#primaryimage"},"image":{"@id":"https:\/\/klarafardiga.com\/?p=185#primaryimage"},"thumbnailUrl":"http:\/\/2.bp.blogspot.com\/_rCm4mArCkLE\/TKjzN66M9iI\/AAAAAAAAB_A\/hKmbD7x7khc\/s400\/kanrlbullensdag.jpg","datePublished":"2010-10-03T21:16:00+00:00","dateModified":"2010-10-03T21:16:00+00:00","author":{"@id":"https:\/\/klarafardiga.com\/#\/schema\/person\/0f54ba1da7c4c21dd7411ed3a8e9f8c0"},"breadcrumb":{"@id":"https:\/\/klarafardiga.com\/?p=185#breadcrumb"},"inLanguage":"sv-SE","potentialAction":[{"@type":"ReadAction","target":["https:\/\/klarafardiga.com\/?p=185"]}]},{"@type":"ImageObject","inLanguage":"sv-SE","@id":"https:\/\/klarafardiga.com\/?p=185#primaryimage","url":"http:\/\/2.bp.blogspot.com\/_rCm4mArCkLE\/TKjzN66M9iI\/AAAAAAAAB_A\/hKmbD7x7khc\/s400\/kanrlbullensdag.jpg","contentUrl":"http:\/\/2.bp.blogspot.com\/_rCm4mArCkLE\/TKjzN66M9iI\/AAAAAAAAB_A\/hKmbD7x7khc\/s400\/kanrlbullensdag.jpg"},{"@type":"BreadcrumbList","@id":"https:\/\/klarafardiga.com\/?p=185#breadcrumb","itemListElement":[{"@type":"ListItem","position":1,"name":"Hem","item":"https:\/\/klarafardiga.com\/"},{"@type":"ListItem","position":2,"name":"Kanelbullens dag&#8230;"}]},{"@type":"WebSite","@id":"https:\/\/klarafardiga.com\/#website","url":"https:\/\/klarafardiga.com\/","name":"Baka med KlaraForm","description":"Recept, tips och nyheter i butiken","potentialAction":[{"@type":"SearchAction","target":{"@type":"EntryPoint","urlTemplate":"https:\/\/klarafardiga.com\/?s={search_term_string}"},"query-input":{"@type":"PropertyValueSpecification","valueRequired":true,"valueName":"search_term_string"}}],"inLanguage":"sv-SE"},{"@type":"Person","@id":"https:\/\/klarafardiga.com\/#\/schema\/person\/0f54ba1da7c4c21dd7411ed3a8e9f8c0","name":"admin","image":{"@type":"ImageObject","inLanguage":"sv-SE","@id":"https:\/\/klarafardiga.com\/#\/schema\/person\/image\/","url":"https:\/\/secure.gravatar.com\/avatar\/356da59eaae0a6e58215761d8e8dabed?s=96&d=mm&r=g","contentUrl":"https:\/\/secure.gravatar.com\/avatar\/356da59eaae0a6e58215761d8e8dabed?s=96&d=mm&r=g","caption":"admin"},"sameAs":["http:\/\/www.klaraform.se"],"url":"https:\/\/klarafardiga.com\/?author=1"}]}},"_links":{"self":[{"href":"https:\/\/klarafardiga.com\/index.php?rest_route=\/wp\/v2\/posts\/185"}],"collection":[{"href":"https:\/\/klarafardiga.com\/index.php?rest_route=\/wp\/v2\/posts"}],"about":[{"href":"https:\/\/klarafardiga.com\/index.php?rest_route=\/wp\/v2\/types\/post"}],"author":[{"embeddable":true,"href":"https:\/\/klarafardiga.com\/index.php?rest_route=\/wp\/v2\/users\/1"}],"replies":[{"embeddable":true,"href":"https:\/\/klarafardiga.com\/index.php?rest_route=%2Fwp%2Fv2%2Fcomments&post=185"}],"version-history":[{"count":0,"href":"https:\/\/klarafardiga.com\/index.php?rest_route=\/wp\/v2\/posts\/185\/revisions"}],"wp:attachment":[{"href":"https:\/\/klarafardiga.com\/index.php?rest_route=%2Fwp%2Fv2%2Fmedia&parent=185"}],"wp:term":[{"taxonomy":"category","embeddable":true,"href":"https:\/\/klarafardiga.com\/index.php?rest_route=%2Fwp%2Fv2%2Fcategories&post=185"},{"taxonomy":"post_tag","embeddable":true,"href":"https:\/\/klarafardiga.com\/index.php?rest_route=%2Fwp%2Fv2%2Ftags&post=185"}],"curies":[{"name":"wp","href":"https:\/\/api.w.org\/{rel}","templated":true}]}}