{"id":178,"date":"2010-08-17T22:20:00","date_gmt":"2010-08-17T20:20:00","guid":{"rendered":"http:\/\/klarafardiga.com\/?p=178"},"modified":"2010-08-17T22:20:00","modified_gmt":"2010-08-17T20:20:00","slug":"ar-sommaren-slut-eller","status":"publish","type":"post","link":"https:\/\/klarafardiga.com\/?p=178","title":{"rendered":"\u00c4r sommaren slut eller?"},"content":{"rendered":"<div align=\"center\">Idag tog sommaren slut k\u00e4ndes det som&#8230; hoppas dock p\u00e5 att v\u00e4rmen ska komma tillbaka en stund till. Har haft en riktigt l\u00e5ng bloggpaus ser jag, det har varit en h\u00e4ndelserik sommar med mycket bad och sol och s\u00e5 en del utflykter f\u00f6rst\u00e5s. I s\u00f6ndags var vi p\u00e5 <a href=\"http:\/\/www.gardsrundan.se\/\"><strong>G\u00e5rdsrundan<\/strong><\/a>, vi bes\u00f6kte bondg\u00e5rdar runt om i Stora Skedvi\/Gustafs h\u00e4r i Dalarna. Barnen kollade p\u00e5 kor, grisar och h\u00f6ns&#8230; en liten loppmarknad med fik utomhus hann vi ocks\u00e5 med.<\/p>\n<\/div>\n<div align=\"center\"><img decoding=\"async\" style=\"TEXT-ALIGN: center; MARGIN: 0px auto 10px; WIDTH: 400px; DISPLAY: block; HEIGHT: 266px; CURSOR: hand\" id=\"BLOGGER_PHOTO_ID_5506476225921450962\" border=\"0\" alt=\"\" src=\"http:\/\/2.bp.blogspot.com\/_rCm4mArCkLE\/TGru8_Iug9I\/AAAAAAAAB8o\/bIId86Zk2ME\/s400\/DSC03990.JPG\" \/>S\u00f6ta sm\u00e5 kultingar p\u00e5 Forsa g\u00e5rd&#8230;<\/div>\n<div align=\"center\"><\/div>\n<p><img decoding=\"async\" style=\"TEXT-ALIGN: center; MARGIN: 0px auto 10px; WIDTH: 400px; DISPLAY: block; HEIGHT: 266px; CURSOR: hand\" id=\"BLOGGER_PHOTO_ID_5506476242788068706\" border=\"0\" alt=\"\" src=\"http:\/\/2.bp.blogspot.com\/_rCm4mArCkLE\/TGru99-CrWI\/AAAAAAAAB9A\/wbzjXwLWag8\/s400\/DSC04084.JPG\" \/> <\/p>\n<p align=\"center\"> En gammal tv\u00e4ttmaskin f\u00f6r dockor&#8230;<\/p>\n<div align=\"center\"><\/div>\n<div align=\"center\"><img decoding=\"async\" style=\"TEXT-ALIGN: center; MARGIN: 0px auto 10px; WIDTH: 400px; DISPLAY: block; HEIGHT: 266px; CURSOR: hand\" id=\"BLOGGER_PHOTO_ID_5506476234641598706\" border=\"0\" alt=\"\" src=\"http:\/\/3.bp.blogspot.com\/_rCm4mArCkLE\/TGru9fnxaPI\/AAAAAAAAB8w\/U3wZL8BF9PA\/s400\/DSC04074.JPG\" \/>Hembakade bullar p\u00e5 g\u00e5rdscaf\u00e9\/loppis&#8230;<\/div>\n<div align=\"center\"> <\/div>\n<div align=\"center\"><\/div>\n<div align=\"center\"><img decoding=\"async\" style=\"TEXT-ALIGN: center; MARGIN: 0px auto 10px; WIDTH: 400px; DISPLAY: block; HEIGHT: 266px; CURSOR: hand\" id=\"BLOGGER_PHOTO_ID_5506476236746290114\" border=\"0\" alt=\"\" src=\"http:\/\/3.bp.blogspot.com\/_rCm4mArCkLE\/TGru9ndkc8I\/AAAAAAAAB84\/jXdwuZw6Pyk\/s400\/DSC04075.JPG\" \/>Smarrig morotskaka p\u00e5 g\u00e5rdscaf\u00e9&#8230;<\/div>\n<div align=\"center\"> <\/div>\n<div align=\"center\"> <\/div>\n<div align=\"center\"><\/div>\n<div align=\"center\">Ha det s\u00e5 j\u00e4ttebra!<br \/>Kram Helena <\/div>\n","protected":false},"excerpt":{"rendered":"<p>Idag tog sommaren slut k\u00e4ndes det som&#8230; hoppas dock p\u00e5 att v\u00e4rmen ska komma tillbaka en stund till. Har haft en riktigt l\u00e5ng bloggpaus ser jag, det har varit en h\u00e4ndelserik sommar med mycket bad och sol och s\u00e5 en del utflykter f\u00f6rst\u00e5s. I s\u00f6ndags var vi p\u00e5 G\u00e5rdsrundan, vi bes\u00f6kte bondg\u00e5rdar runt om i Stora Skedvi\/Gustafs h\u00e4r i Dalarna. Barnen kollade p\u00e5 kor, grisar och h\u00f6ns&#8230; en liten loppmarknad med fik utomhus hann vi ocks\u00e5 med. S\u00f6ta sm\u00e5 kultingar p\u00e5 Forsa g\u00e5rd&#8230; En gammal tv\u00e4ttmaskin f\u00f6r dockor&#8230; Hembakade bullar p\u00e5 g\u00e5rdscaf\u00e9\/loppis&#8230; Smarrig morotskaka p\u00e5 g\u00e5rdscaf\u00e9&#8230; Ha det s\u00e5 j\u00e4ttebra!Kram Helena<\/p>\n","protected":false},"author":1,"featured_media":0,"comment_status":"open","ping_status":"open","sticky":false,"template":"","format":"standard","meta":{"footnotes":""},"categories":[4],"tags":[],"yoast_head":"<!-- This site is optimized with the Yoast SEO plugin v23.5 - https:\/\/yoast.com\/wordpress\/plugins\/seo\/ -->\n<title>\u00c4r sommaren slut eller? - Baka med KlaraForm<\/title>\n<meta name=\"robots\" content=\"index, follow, max-snippet:-1, max-image-preview:large, max-video-preview:-1\" \/>\n<link rel=\"canonical\" href=\"https:\/\/klarafardiga.com\/?p=178\" \/>\n<meta property=\"og:locale\" content=\"sv_SE\" \/>\n<meta property=\"og:type\" content=\"article\" \/>\n<meta property=\"og:title\" content=\"\u00c4r sommaren slut eller? - Baka med KlaraForm\" \/>\n<meta property=\"og:description\" content=\"Idag tog sommaren slut k\u00e4ndes det som&#8230; hoppas dock p\u00e5 att v\u00e4rmen ska komma tillbaka en stund till. Har haft en riktigt l\u00e5ng bloggpaus ser jag, det har varit en h\u00e4ndelserik sommar med mycket bad och sol och s\u00e5 en del utflykter f\u00f6rst\u00e5s. I s\u00f6ndags var vi p\u00e5 G\u00e5rdsrundan, vi bes\u00f6kte bondg\u00e5rdar runt om i Stora Skedvi\/Gustafs h\u00e4r i Dalarna. Barnen kollade p\u00e5 kor, grisar och h\u00f6ns&#8230; en liten loppmarknad med fik utomhus hann vi ocks\u00e5 med. S\u00f6ta sm\u00e5 kultingar p\u00e5 Forsa g\u00e5rd&#8230; En gammal tv\u00e4ttmaskin f\u00f6r dockor&#8230; Hembakade bullar p\u00e5 g\u00e5rdscaf\u00e9\/loppis&#8230; Smarrig morotskaka p\u00e5 g\u00e5rdscaf\u00e9&#8230; Ha det s\u00e5 j\u00e4ttebra!Kram Helena\" \/>\n<meta property=\"og:url\" content=\"https:\/\/klarafardiga.com\/?p=178\" \/>\n<meta property=\"og:site_name\" content=\"Baka med KlaraForm\" \/>\n<meta property=\"article:published_time\" content=\"2010-08-17T20:20:00+00:00\" \/>\n<meta property=\"og:image\" content=\"http:\/\/2.bp.blogspot.com\/_rCm4mArCkLE\/TGru8_Iug9I\/AAAAAAAAB8o\/bIId86Zk2ME\/s400\/DSC03990.JPG\" \/>\n<meta name=\"author\" content=\"admin\" \/>\n<meta name=\"twitter:card\" content=\"summary_large_image\" \/>\n<meta name=\"twitter:label1\" content=\"Skriven av\" \/>\n\t<meta name=\"twitter:data1\" content=\"admin\" \/>\n\t<meta name=\"twitter:label2\" content=\"Ber\u00e4knad l\u00e4stid\" \/>\n\t<meta name=\"twitter:data2\" content=\"1 minut\" \/>\n<script type=\"application\/ld+json\" class=\"yoast-schema-graph\">{\"@context\":\"https:\/\/schema.org\",\"@graph\":[{\"@type\":\"WebPage\",\"@id\":\"https:\/\/klarafardiga.com\/?p=178\",\"url\":\"https:\/\/klarafardiga.com\/?p=178\",\"name\":\"\u00c4r sommaren slut eller? - Baka med KlaraForm\",\"isPartOf\":{\"@id\":\"https:\/\/klarafardiga.com\/#website\"},\"primaryImageOfPage\":{\"@id\":\"https:\/\/klarafardiga.com\/?p=178#primaryimage\"},\"image\":{\"@id\":\"https:\/\/klarafardiga.com\/?p=178#primaryimage\"},\"thumbnailUrl\":\"http:\/\/2.bp.blogspot.com\/_rCm4mArCkLE\/TGru8_Iug9I\/AAAAAAAAB8o\/bIId86Zk2ME\/s400\/DSC03990.JPG\",\"datePublished\":\"2010-08-17T20:20:00+00:00\",\"dateModified\":\"2010-08-17T20:20:00+00:00\",\"author\":{\"@id\":\"https:\/\/klarafardiga.com\/#\/schema\/person\/0f54ba1da7c4c21dd7411ed3a8e9f8c0\"},\"breadcrumb\":{\"@id\":\"https:\/\/klarafardiga.com\/?p=178#breadcrumb\"},\"inLanguage\":\"sv-SE\",\"potentialAction\":[{\"@type\":\"ReadAction\",\"target\":[\"https:\/\/klarafardiga.com\/?p=178\"]}]},{\"@type\":\"ImageObject\",\"inLanguage\":\"sv-SE\",\"@id\":\"https:\/\/klarafardiga.com\/?p=178#primaryimage\",\"url\":\"http:\/\/2.bp.blogspot.com\/_rCm4mArCkLE\/TGru8_Iug9I\/AAAAAAAAB8o\/bIId86Zk2ME\/s400\/DSC03990.JPG\",\"contentUrl\":\"http:\/\/2.bp.blogspot.com\/_rCm4mArCkLE\/TGru8_Iug9I\/AAAAAAAAB8o\/bIId86Zk2ME\/s400\/DSC03990.JPG\"},{\"@type\":\"BreadcrumbList\",\"@id\":\"https:\/\/klarafardiga.com\/?p=178#breadcrumb\",\"itemListElement\":[{\"@type\":\"ListItem\",\"position\":1,\"name\":\"Hem\",\"item\":\"https:\/\/klarafardiga.com\/\"},{\"@type\":\"ListItem\",\"position\":2,\"name\":\"\u00c4r sommaren slut eller?\"}]},{\"@type\":\"WebSite\",\"@id\":\"https:\/\/klarafardiga.com\/#website\",\"url\":\"https:\/\/klarafardiga.com\/\",\"name\":\"Baka med KlaraForm\",\"description\":\"Recept, tips och nyheter i butiken\",\"potentialAction\":[{\"@type\":\"SearchAction\",\"target\":{\"@type\":\"EntryPoint\",\"urlTemplate\":\"https:\/\/klarafardiga.com\/?s={search_term_string}\"},\"query-input\":{\"@type\":\"PropertyValueSpecification\",\"valueRequired\":true,\"valueName\":\"search_term_string\"}}],\"inLanguage\":\"sv-SE\"},{\"@type\":\"Person\",\"@id\":\"https:\/\/klarafardiga.com\/#\/schema\/person\/0f54ba1da7c4c21dd7411ed3a8e9f8c0\",\"name\":\"admin\",\"image\":{\"@type\":\"ImageObject\",\"inLanguage\":\"sv-SE\",\"@id\":\"https:\/\/klarafardiga.com\/#\/schema\/person\/image\/\",\"url\":\"https:\/\/secure.gravatar.com\/avatar\/356da59eaae0a6e58215761d8e8dabed?s=96&d=mm&r=g\",\"contentUrl\":\"https:\/\/secure.gravatar.com\/avatar\/356da59eaae0a6e58215761d8e8dabed?s=96&d=mm&r=g\",\"caption\":\"admin\"},\"sameAs\":[\"http:\/\/www.klaraform.se\"],\"url\":\"https:\/\/klarafardiga.com\/?author=1\"}]}<\/script>\n<!-- \/ Yoast SEO plugin. -->","yoast_head_json":{"title":"\u00c4r sommaren slut eller? - Baka med KlaraForm","robots":{"index":"index","follow":"follow","max-snippet":"max-snippet:-1","max-image-preview":"max-image-preview:large","max-video-preview":"max-video-preview:-1"},"canonical":"https:\/\/klarafardiga.com\/?p=178","og_locale":"sv_SE","og_type":"article","og_title":"\u00c4r sommaren slut eller? - Baka med KlaraForm","og_description":"Idag tog sommaren slut k\u00e4ndes det som&#8230; hoppas dock p\u00e5 att v\u00e4rmen ska komma tillbaka en stund till. Har haft en riktigt l\u00e5ng bloggpaus ser jag, det har varit en h\u00e4ndelserik sommar med mycket bad och sol och s\u00e5 en del utflykter f\u00f6rst\u00e5s. I s\u00f6ndags var vi p\u00e5 G\u00e5rdsrundan, vi bes\u00f6kte bondg\u00e5rdar runt om i Stora Skedvi\/Gustafs h\u00e4r i Dalarna. Barnen kollade p\u00e5 kor, grisar och h\u00f6ns&#8230; en liten loppmarknad med fik utomhus hann vi ocks\u00e5 med. S\u00f6ta sm\u00e5 kultingar p\u00e5 Forsa g\u00e5rd&#8230; En gammal tv\u00e4ttmaskin f\u00f6r dockor&#8230; Hembakade bullar p\u00e5 g\u00e5rdscaf\u00e9\/loppis&#8230; Smarrig morotskaka p\u00e5 g\u00e5rdscaf\u00e9&#8230; Ha det s\u00e5 j\u00e4ttebra!Kram Helena","og_url":"https:\/\/klarafardiga.com\/?p=178","og_site_name":"Baka med KlaraForm","article_published_time":"2010-08-17T20:20:00+00:00","og_image":[{"url":"http:\/\/2.bp.blogspot.com\/_rCm4mArCkLE\/TGru8_Iug9I\/AAAAAAAAB8o\/bIId86Zk2ME\/s400\/DSC03990.JPG"}],"author":"admin","twitter_card":"summary_large_image","twitter_misc":{"Skriven av":"admin","Ber\u00e4knad l\u00e4stid":"1 minut"},"schema":{"@context":"https:\/\/schema.org","@graph":[{"@type":"WebPage","@id":"https:\/\/klarafardiga.com\/?p=178","url":"https:\/\/klarafardiga.com\/?p=178","name":"\u00c4r sommaren slut eller? - Baka med KlaraForm","isPartOf":{"@id":"https:\/\/klarafardiga.com\/#website"},"primaryImageOfPage":{"@id":"https:\/\/klarafardiga.com\/?p=178#primaryimage"},"image":{"@id":"https:\/\/klarafardiga.com\/?p=178#primaryimage"},"thumbnailUrl":"http:\/\/2.bp.blogspot.com\/_rCm4mArCkLE\/TGru8_Iug9I\/AAAAAAAAB8o\/bIId86Zk2ME\/s400\/DSC03990.JPG","datePublished":"2010-08-17T20:20:00+00:00","dateModified":"2010-08-17T20:20:00+00:00","author":{"@id":"https:\/\/klarafardiga.com\/#\/schema\/person\/0f54ba1da7c4c21dd7411ed3a8e9f8c0"},"breadcrumb":{"@id":"https:\/\/klarafardiga.com\/?p=178#breadcrumb"},"inLanguage":"sv-SE","potentialAction":[{"@type":"ReadAction","target":["https:\/\/klarafardiga.com\/?p=178"]}]},{"@type":"ImageObject","inLanguage":"sv-SE","@id":"https:\/\/klarafardiga.com\/?p=178#primaryimage","url":"http:\/\/2.bp.blogspot.com\/_rCm4mArCkLE\/TGru8_Iug9I\/AAAAAAAAB8o\/bIId86Zk2ME\/s400\/DSC03990.JPG","contentUrl":"http:\/\/2.bp.blogspot.com\/_rCm4mArCkLE\/TGru8_Iug9I\/AAAAAAAAB8o\/bIId86Zk2ME\/s400\/DSC03990.JPG"},{"@type":"BreadcrumbList","@id":"https:\/\/klarafardiga.com\/?p=178#breadcrumb","itemListElement":[{"@type":"ListItem","position":1,"name":"Hem","item":"https:\/\/klarafardiga.com\/"},{"@type":"ListItem","position":2,"name":"\u00c4r sommaren slut eller?"}]},{"@type":"WebSite","@id":"https:\/\/klarafardiga.com\/#website","url":"https:\/\/klarafardiga.com\/","name":"Baka med KlaraForm","description":"Recept, tips och nyheter i butiken","potentialAction":[{"@type":"SearchAction","target":{"@type":"EntryPoint","urlTemplate":"https:\/\/klarafardiga.com\/?s={search_term_string}"},"query-input":{"@type":"PropertyValueSpecification","valueRequired":true,"valueName":"search_term_string"}}],"inLanguage":"sv-SE"},{"@type":"Person","@id":"https:\/\/klarafardiga.com\/#\/schema\/person\/0f54ba1da7c4c21dd7411ed3a8e9f8c0","name":"admin","image":{"@type":"ImageObject","inLanguage":"sv-SE","@id":"https:\/\/klarafardiga.com\/#\/schema\/person\/image\/","url":"https:\/\/secure.gravatar.com\/avatar\/356da59eaae0a6e58215761d8e8dabed?s=96&d=mm&r=g","contentUrl":"https:\/\/secure.gravatar.com\/avatar\/356da59eaae0a6e58215761d8e8dabed?s=96&d=mm&r=g","caption":"admin"},"sameAs":["http:\/\/www.klaraform.se"],"url":"https:\/\/klarafardiga.com\/?author=1"}]}},"_links":{"self":[{"href":"https:\/\/klarafardiga.com\/index.php?rest_route=\/wp\/v2\/posts\/178"}],"collection":[{"href":"https:\/\/klarafardiga.com\/index.php?rest_route=\/wp\/v2\/posts"}],"about":[{"href":"https:\/\/klarafardiga.com\/index.php?rest_route=\/wp\/v2\/types\/post"}],"author":[{"embeddable":true,"href":"https:\/\/klarafardiga.com\/index.php?rest_route=\/wp\/v2\/users\/1"}],"replies":[{"embeddable":true,"href":"https:\/\/klarafardiga.com\/index.php?rest_route=%2Fwp%2Fv2%2Fcomments&post=178"}],"version-history":[{"count":0,"href":"https:\/\/klarafardiga.com\/index.php?rest_route=\/wp\/v2\/posts\/178\/revisions"}],"wp:attachment":[{"href":"https:\/\/klarafardiga.com\/index.php?rest_route=%2Fwp%2Fv2%2Fmedia&parent=178"}],"wp:term":[{"taxonomy":"category","embeddable":true,"href":"https:\/\/klarafardiga.com\/index.php?rest_route=%2Fwp%2Fv2%2Fcategories&post=178"},{"taxonomy":"post_tag","embeddable":true,"href":"https:\/\/klarafardiga.com\/index.php?rest_route=%2Fwp%2Fv2%2Ftags&post=178"}],"curies":[{"name":"wp","href":"https:\/\/api.w.org\/{rel}","templated":true}]}}