{"id":172,"date":"2010-07-04T21:57:00","date_gmt":"2010-07-04T19:57:00","guid":{"rendered":"http:\/\/klarafardiga.com\/?p=172"},"modified":"2010-07-04T21:57:00","modified_gmt":"2010-07-04T19:57:00","slug":"sommarbaka-nja-vantar-till-regnet","status":"publish","type":"post","link":"https:\/\/klarafardiga.com\/?p=172","title":{"rendered":"Sommarbaka, nja v\u00e4ntar till regnet&#8230;"},"content":{"rendered":"<p>Ja, inte blir det mycke\u00b4 tid till bakande nu i v\u00e4rmen&#8230; v\u00e4ntar tills regnet kommer d\u00e5 ska jag testa dessa formar som ocks\u00e5 kommer fr\u00e5n Kalasform och som finns i <a href=\"http:\/\/www.klarafardiga.com\/\"><strong>butiken<\/strong><\/a>.<\/p>\n<div><\/div>\n<p><\/p>\n<div><img decoding=\"async\" style=\"TEXT-ALIGN: center; MARGIN: 0px auto 10px; WIDTH: 400px; DISPLAY: block; HEIGHT: 376px; CURSOR: hand\" id=\"BLOGGER_PHOTO_ID_5490143189112808834\" border=\"0\" alt=\"\" src=\"http:\/\/4.bp.blogspot.com\/_rCm4mArCkLE\/TDDoJHkZZYI\/AAAAAAAAB7Y\/lTRj4PkYHDA\/s400\/kalas_Carmen_Rod2_big.jpg\" \/><\/div>\n<p><\/p>\n<div><\/div>\n<p><\/p>\n<div>Idag blev det tomt igen i v\u00e5r lilla stad. Fr\u00e5n att ha varit fylld av glada festivalungdomar och v\u00e4rldsk\u00e4ndisar. T\u00e4nk att till och med Beyonc\u00e9 var hit och kollade n\u00e4r hennes man, Jay-Z framtr\u00e4dde p\u00e5 <strong><a href=\"http:\/\/www.peaceandlove.se\/\">Peace &amp; Love<\/a><\/strong>&#8230; synd att hon hade s\u00e5 br\u00e5ttom hem igen *fniss*, hon skulle beh\u00f6vt en guidad tur runt Siljan tycker jag \ud83d\ude09<\/div>\n<div> <\/div>\n<div><img decoding=\"async\" style=\"TEXT-ALIGN: center; MARGIN: 0px auto 10px; WIDTH: 400px; DISPLAY: block; HEIGHT: 267px; CURSOR: hand\" id=\"BLOGGER_PHOTO_ID_5490146495312306466\" border=\"0\" alt=\"\" src=\"http:\/\/3.bp.blogspot.com\/_rCm4mArCkLE\/TDDrJkHyISI\/AAAAAAAAB7g\/Yw7jXcvuJ90\/s400\/pl.jpg\" \/><\/div>\n<div>Festen \u00e4r slut, hu s\u00e5 det ser ut&#8230;<\/div>\n<div> <\/div>\n<div>Ha det gott i sommarv\u00e4rmen!<\/div>\n<div>Kram Helena<\/div>\n<p><\/p>\n<div><\/div>\n","protected":false},"excerpt":{"rendered":"<p>Ja, inte blir det mycke\u00b4 tid till bakande nu i v\u00e4rmen&#8230; v\u00e4ntar tills regnet kommer d\u00e5 ska jag testa dessa formar som ocks\u00e5 kommer fr\u00e5n Kalasform och som finns i butiken. Idag blev det tomt igen i v\u00e5r lilla stad. Fr\u00e5n att ha varit fylld av glada festivalungdomar och v\u00e4rldsk\u00e4ndisar. T\u00e4nk att till och med Beyonc\u00e9 var hit och kollade n\u00e4r hennes man, Jay-Z framtr\u00e4dde p\u00e5 Peace &amp; Love&#8230; synd att hon hade s\u00e5 br\u00e5ttom hem igen *fniss*, hon skulle beh\u00f6vt en guidad tur runt Siljan tycker jag \ud83d\ude09 Festen \u00e4r slut, hu s\u00e5 det ser ut&#8230; Ha det gott i sommarv\u00e4rmen! Kram Helena<\/p>\n","protected":false},"author":1,"featured_media":0,"comment_status":"open","ping_status":"open","sticky":false,"template":"","format":"standard","meta":{"footnotes":""},"categories":[8,4],"tags":[],"yoast_head":"<!-- This site is optimized with the Yoast SEO plugin v23.5 - https:\/\/yoast.com\/wordpress\/plugins\/seo\/ -->\n<title>Sommarbaka, nja v\u00e4ntar till regnet... - Baka med KlaraForm<\/title>\n<meta name=\"robots\" content=\"index, follow, max-snippet:-1, max-image-preview:large, max-video-preview:-1\" \/>\n<link rel=\"canonical\" href=\"https:\/\/klarafardiga.com\/?p=172\" \/>\n<meta property=\"og:locale\" content=\"sv_SE\" \/>\n<meta property=\"og:type\" content=\"article\" \/>\n<meta property=\"og:title\" content=\"Sommarbaka, nja v\u00e4ntar till regnet... - Baka med KlaraForm\" \/>\n<meta property=\"og:description\" content=\"Ja, inte blir det mycke\u00b4 tid till bakande nu i v\u00e4rmen&#8230; v\u00e4ntar tills regnet kommer d\u00e5 ska jag testa dessa formar som ocks\u00e5 kommer fr\u00e5n Kalasform och som finns i butiken. Idag blev det tomt igen i v\u00e5r lilla stad. Fr\u00e5n att ha varit fylld av glada festivalungdomar och v\u00e4rldsk\u00e4ndisar. T\u00e4nk att till och med Beyonc\u00e9 var hit och kollade n\u00e4r hennes man, Jay-Z framtr\u00e4dde p\u00e5 Peace &amp; Love&#8230; synd att hon hade s\u00e5 br\u00e5ttom hem igen *fniss*, hon skulle beh\u00f6vt en guidad tur runt Siljan tycker jag \ud83d\ude09 Festen \u00e4r slut, hu s\u00e5 det ser ut&#8230; Ha det gott i sommarv\u00e4rmen! Kram Helena\" \/>\n<meta property=\"og:url\" content=\"https:\/\/klarafardiga.com\/?p=172\" \/>\n<meta property=\"og:site_name\" content=\"Baka med KlaraForm\" \/>\n<meta property=\"article:published_time\" content=\"2010-07-04T19:57:00+00:00\" \/>\n<meta property=\"og:image\" content=\"http:\/\/4.bp.blogspot.com\/_rCm4mArCkLE\/TDDoJHkZZYI\/AAAAAAAAB7Y\/lTRj4PkYHDA\/s400\/kalas_Carmen_Rod2_big.jpg\" \/>\n<meta name=\"author\" content=\"admin\" \/>\n<meta name=\"twitter:card\" content=\"summary_large_image\" \/>\n<meta name=\"twitter:label1\" content=\"Skriven av\" \/>\n\t<meta name=\"twitter:data1\" content=\"admin\" \/>\n\t<meta name=\"twitter:label2\" content=\"Ber\u00e4knad l\u00e4stid\" \/>\n\t<meta name=\"twitter:data2\" content=\"1 minut\" \/>\n<script type=\"application\/ld+json\" class=\"yoast-schema-graph\">{\"@context\":\"https:\/\/schema.org\",\"@graph\":[{\"@type\":\"WebPage\",\"@id\":\"https:\/\/klarafardiga.com\/?p=172\",\"url\":\"https:\/\/klarafardiga.com\/?p=172\",\"name\":\"Sommarbaka, nja v\u00e4ntar till regnet... - Baka med KlaraForm\",\"isPartOf\":{\"@id\":\"https:\/\/klarafardiga.com\/#website\"},\"primaryImageOfPage\":{\"@id\":\"https:\/\/klarafardiga.com\/?p=172#primaryimage\"},\"image\":{\"@id\":\"https:\/\/klarafardiga.com\/?p=172#primaryimage\"},\"thumbnailUrl\":\"http:\/\/4.bp.blogspot.com\/_rCm4mArCkLE\/TDDoJHkZZYI\/AAAAAAAAB7Y\/lTRj4PkYHDA\/s400\/kalas_Carmen_Rod2_big.jpg\",\"datePublished\":\"2010-07-04T19:57:00+00:00\",\"dateModified\":\"2010-07-04T19:57:00+00:00\",\"author\":{\"@id\":\"https:\/\/klarafardiga.com\/#\/schema\/person\/0f54ba1da7c4c21dd7411ed3a8e9f8c0\"},\"breadcrumb\":{\"@id\":\"https:\/\/klarafardiga.com\/?p=172#breadcrumb\"},\"inLanguage\":\"sv-SE\",\"potentialAction\":[{\"@type\":\"ReadAction\",\"target\":[\"https:\/\/klarafardiga.com\/?p=172\"]}]},{\"@type\":\"ImageObject\",\"inLanguage\":\"sv-SE\",\"@id\":\"https:\/\/klarafardiga.com\/?p=172#primaryimage\",\"url\":\"http:\/\/4.bp.blogspot.com\/_rCm4mArCkLE\/TDDoJHkZZYI\/AAAAAAAAB7Y\/lTRj4PkYHDA\/s400\/kalas_Carmen_Rod2_big.jpg\",\"contentUrl\":\"http:\/\/4.bp.blogspot.com\/_rCm4mArCkLE\/TDDoJHkZZYI\/AAAAAAAAB7Y\/lTRj4PkYHDA\/s400\/kalas_Carmen_Rod2_big.jpg\"},{\"@type\":\"BreadcrumbList\",\"@id\":\"https:\/\/klarafardiga.com\/?p=172#breadcrumb\",\"itemListElement\":[{\"@type\":\"ListItem\",\"position\":1,\"name\":\"Hem\",\"item\":\"https:\/\/klarafardiga.com\/\"},{\"@type\":\"ListItem\",\"position\":2,\"name\":\"Sommarbaka, nja v\u00e4ntar till regnet&#8230;\"}]},{\"@type\":\"WebSite\",\"@id\":\"https:\/\/klarafardiga.com\/#website\",\"url\":\"https:\/\/klarafardiga.com\/\",\"name\":\"Baka med KlaraForm\",\"description\":\"Recept, tips och nyheter i butiken\",\"potentialAction\":[{\"@type\":\"SearchAction\",\"target\":{\"@type\":\"EntryPoint\",\"urlTemplate\":\"https:\/\/klarafardiga.com\/?s={search_term_string}\"},\"query-input\":{\"@type\":\"PropertyValueSpecification\",\"valueRequired\":true,\"valueName\":\"search_term_string\"}}],\"inLanguage\":\"sv-SE\"},{\"@type\":\"Person\",\"@id\":\"https:\/\/klarafardiga.com\/#\/schema\/person\/0f54ba1da7c4c21dd7411ed3a8e9f8c0\",\"name\":\"admin\",\"image\":{\"@type\":\"ImageObject\",\"inLanguage\":\"sv-SE\",\"@id\":\"https:\/\/klarafardiga.com\/#\/schema\/person\/image\/\",\"url\":\"https:\/\/secure.gravatar.com\/avatar\/356da59eaae0a6e58215761d8e8dabed?s=96&d=mm&r=g\",\"contentUrl\":\"https:\/\/secure.gravatar.com\/avatar\/356da59eaae0a6e58215761d8e8dabed?s=96&d=mm&r=g\",\"caption\":\"admin\"},\"sameAs\":[\"http:\/\/www.klaraform.se\"],\"url\":\"https:\/\/klarafardiga.com\/?author=1\"}]}<\/script>\n<!-- \/ Yoast SEO plugin. -->","yoast_head_json":{"title":"Sommarbaka, nja v\u00e4ntar till regnet... - Baka med KlaraForm","robots":{"index":"index","follow":"follow","max-snippet":"max-snippet:-1","max-image-preview":"max-image-preview:large","max-video-preview":"max-video-preview:-1"},"canonical":"https:\/\/klarafardiga.com\/?p=172","og_locale":"sv_SE","og_type":"article","og_title":"Sommarbaka, nja v\u00e4ntar till regnet... - Baka med KlaraForm","og_description":"Ja, inte blir det mycke\u00b4 tid till bakande nu i v\u00e4rmen&#8230; v\u00e4ntar tills regnet kommer d\u00e5 ska jag testa dessa formar som ocks\u00e5 kommer fr\u00e5n Kalasform och som finns i butiken. Idag blev det tomt igen i v\u00e5r lilla stad. Fr\u00e5n att ha varit fylld av glada festivalungdomar och v\u00e4rldsk\u00e4ndisar. T\u00e4nk att till och med Beyonc\u00e9 var hit och kollade n\u00e4r hennes man, Jay-Z framtr\u00e4dde p\u00e5 Peace &amp; Love&#8230; synd att hon hade s\u00e5 br\u00e5ttom hem igen *fniss*, hon skulle beh\u00f6vt en guidad tur runt Siljan tycker jag \ud83d\ude09 Festen \u00e4r slut, hu s\u00e5 det ser ut&#8230; Ha det gott i sommarv\u00e4rmen! Kram Helena","og_url":"https:\/\/klarafardiga.com\/?p=172","og_site_name":"Baka med KlaraForm","article_published_time":"2010-07-04T19:57:00+00:00","og_image":[{"url":"http:\/\/4.bp.blogspot.com\/_rCm4mArCkLE\/TDDoJHkZZYI\/AAAAAAAAB7Y\/lTRj4PkYHDA\/s400\/kalas_Carmen_Rod2_big.jpg"}],"author":"admin","twitter_card":"summary_large_image","twitter_misc":{"Skriven av":"admin","Ber\u00e4knad l\u00e4stid":"1 minut"},"schema":{"@context":"https:\/\/schema.org","@graph":[{"@type":"WebPage","@id":"https:\/\/klarafardiga.com\/?p=172","url":"https:\/\/klarafardiga.com\/?p=172","name":"Sommarbaka, nja v\u00e4ntar till regnet... - Baka med KlaraForm","isPartOf":{"@id":"https:\/\/klarafardiga.com\/#website"},"primaryImageOfPage":{"@id":"https:\/\/klarafardiga.com\/?p=172#primaryimage"},"image":{"@id":"https:\/\/klarafardiga.com\/?p=172#primaryimage"},"thumbnailUrl":"http:\/\/4.bp.blogspot.com\/_rCm4mArCkLE\/TDDoJHkZZYI\/AAAAAAAAB7Y\/lTRj4PkYHDA\/s400\/kalas_Carmen_Rod2_big.jpg","datePublished":"2010-07-04T19:57:00+00:00","dateModified":"2010-07-04T19:57:00+00:00","author":{"@id":"https:\/\/klarafardiga.com\/#\/schema\/person\/0f54ba1da7c4c21dd7411ed3a8e9f8c0"},"breadcrumb":{"@id":"https:\/\/klarafardiga.com\/?p=172#breadcrumb"},"inLanguage":"sv-SE","potentialAction":[{"@type":"ReadAction","target":["https:\/\/klarafardiga.com\/?p=172"]}]},{"@type":"ImageObject","inLanguage":"sv-SE","@id":"https:\/\/klarafardiga.com\/?p=172#primaryimage","url":"http:\/\/4.bp.blogspot.com\/_rCm4mArCkLE\/TDDoJHkZZYI\/AAAAAAAAB7Y\/lTRj4PkYHDA\/s400\/kalas_Carmen_Rod2_big.jpg","contentUrl":"http:\/\/4.bp.blogspot.com\/_rCm4mArCkLE\/TDDoJHkZZYI\/AAAAAAAAB7Y\/lTRj4PkYHDA\/s400\/kalas_Carmen_Rod2_big.jpg"},{"@type":"BreadcrumbList","@id":"https:\/\/klarafardiga.com\/?p=172#breadcrumb","itemListElement":[{"@type":"ListItem","position":1,"name":"Hem","item":"https:\/\/klarafardiga.com\/"},{"@type":"ListItem","position":2,"name":"Sommarbaka, nja v\u00e4ntar till regnet&#8230;"}]},{"@type":"WebSite","@id":"https:\/\/klarafardiga.com\/#website","url":"https:\/\/klarafardiga.com\/","name":"Baka med KlaraForm","description":"Recept, tips och nyheter i butiken","potentialAction":[{"@type":"SearchAction","target":{"@type":"EntryPoint","urlTemplate":"https:\/\/klarafardiga.com\/?s={search_term_string}"},"query-input":{"@type":"PropertyValueSpecification","valueRequired":true,"valueName":"search_term_string"}}],"inLanguage":"sv-SE"},{"@type":"Person","@id":"https:\/\/klarafardiga.com\/#\/schema\/person\/0f54ba1da7c4c21dd7411ed3a8e9f8c0","name":"admin","image":{"@type":"ImageObject","inLanguage":"sv-SE","@id":"https:\/\/klarafardiga.com\/#\/schema\/person\/image\/","url":"https:\/\/secure.gravatar.com\/avatar\/356da59eaae0a6e58215761d8e8dabed?s=96&d=mm&r=g","contentUrl":"https:\/\/secure.gravatar.com\/avatar\/356da59eaae0a6e58215761d8e8dabed?s=96&d=mm&r=g","caption":"admin"},"sameAs":["http:\/\/www.klaraform.se"],"url":"https:\/\/klarafardiga.com\/?author=1"}]}},"_links":{"self":[{"href":"https:\/\/klarafardiga.com\/index.php?rest_route=\/wp\/v2\/posts\/172"}],"collection":[{"href":"https:\/\/klarafardiga.com\/index.php?rest_route=\/wp\/v2\/posts"}],"about":[{"href":"https:\/\/klarafardiga.com\/index.php?rest_route=\/wp\/v2\/types\/post"}],"author":[{"embeddable":true,"href":"https:\/\/klarafardiga.com\/index.php?rest_route=\/wp\/v2\/users\/1"}],"replies":[{"embeddable":true,"href":"https:\/\/klarafardiga.com\/index.php?rest_route=%2Fwp%2Fv2%2Fcomments&post=172"}],"version-history":[{"count":0,"href":"https:\/\/klarafardiga.com\/index.php?rest_route=\/wp\/v2\/posts\/172\/revisions"}],"wp:attachment":[{"href":"https:\/\/klarafardiga.com\/index.php?rest_route=%2Fwp%2Fv2%2Fmedia&parent=172"}],"wp:term":[{"taxonomy":"category","embeddable":true,"href":"https:\/\/klarafardiga.com\/index.php?rest_route=%2Fwp%2Fv2%2Fcategories&post=172"},{"taxonomy":"post_tag","embeddable":true,"href":"https:\/\/klarafardiga.com\/index.php?rest_route=%2Fwp%2Fv2%2Ftags&post=172"}],"curies":[{"name":"wp","href":"https:\/\/api.w.org\/{rel}","templated":true}]}}