{"id":169,"date":"2010-06-25T16:56:00","date_gmt":"2010-06-25T14:56:00","guid":{"rendered":"http:\/\/klarafardiga.com\/?p=169"},"modified":"2010-06-25T16:56:00","modified_gmt":"2010-06-25T14:56:00","slug":"glad-midsommar","status":"publish","type":"post","link":"https:\/\/klarafardiga.com\/?p=169","title":{"rendered":"Glad Midsommar!"},"content":{"rendered":"<div>\u00d6nskar er alla en glad midsommar \ud83d\ude42 <\/div>\n<div><img decoding=\"async\" style=\"TEXT-ALIGN: center; MARGIN: 0px auto 10px; WIDTH: 400px; DISPLAY: block; HEIGHT: 342px; CURSOR: hand\" id=\"BLOGGER_PHOTO_ID_5486725437976195442\" border=\"0\" alt=\"\" src=\"http:\/\/1.bp.blogspot.com\/_rCm4mArCkLE\/TCTDt0arsXI\/AAAAAAAAB6Y\/OwfDKqZrLrY\/s400\/klara_glad_midsommar.jpg\" \/><\/div>\n<p><img decoding=\"async\" style=\"TEXT-ALIGN: center; MARGIN: 0px auto 10px; WIDTH: 400px; DISPLAY: block; HEIGHT: 266px; CURSOR: hand\" id=\"BLOGGER_PHOTO_ID_5486728320327732322\" border=\"0\" alt=\"\" src=\"http:\/\/2.bp.blogspot.com\/_rCm4mArCkLE\/TCTGVmA1zGI\/AAAAAAAAB6o\/JkYshXcAifE\/s400\/midsommartarta2.jpg\" \/> <\/p>\n<p>Vi har avnjutit en h\u00e4rlig midsommart\u00e5rta nu p\u00e5 eftermiddagen&#8230;<\/p>\n<p><img decoding=\"async\" style=\"TEXT-ALIGN: center; MARGIN: 0px auto 10px; WIDTH: 400px; DISPLAY: block; HEIGHT: 266px; CURSOR: hand\" id=\"BLOGGER_PHOTO_ID_5486728314908400450\" border=\"0\" alt=\"\" src=\"http:\/\/1.bp.blogspot.com\/_rCm4mArCkLE\/TCTGVR0xW0I\/AAAAAAAAB6g\/obVOOqT0FVo\/s400\/midsommartarta.jpg\" \/><br \/>Mumsigt v\u00e4rre \ud83d\ude42<\/p>\n<p>Kram Helena<\/p>\n","protected":false},"excerpt":{"rendered":"<p>\u00d6nskar er alla en glad midsommar \ud83d\ude42 Vi har avnjutit en h\u00e4rlig midsommart\u00e5rta nu p\u00e5 eftermiddagen&#8230; Mumsigt v\u00e4rre \ud83d\ude42 Kram Helena<\/p>\n","protected":false},"author":1,"featured_media":0,"comment_status":"open","ping_status":"open","sticky":false,"template":"","format":"standard","meta":{"footnotes":""},"categories":[4],"tags":[],"yoast_head":"<!-- This site is optimized with the Yoast SEO plugin v23.5 - https:\/\/yoast.com\/wordpress\/plugins\/seo\/ -->\n<title>Glad Midsommar! - Baka med KlaraForm<\/title>\n<meta name=\"robots\" content=\"index, follow, max-snippet:-1, max-image-preview:large, max-video-preview:-1\" \/>\n<link rel=\"canonical\" href=\"https:\/\/klarafardiga.com\/?p=169\" \/>\n<meta property=\"og:locale\" content=\"sv_SE\" \/>\n<meta property=\"og:type\" content=\"article\" \/>\n<meta property=\"og:title\" content=\"Glad Midsommar! - Baka med KlaraForm\" \/>\n<meta property=\"og:description\" content=\"\u00d6nskar er alla en glad midsommar \ud83d\ude42 Vi har avnjutit en h\u00e4rlig midsommart\u00e5rta nu p\u00e5 eftermiddagen&#8230; Mumsigt v\u00e4rre \ud83d\ude42 Kram Helena\" \/>\n<meta property=\"og:url\" content=\"https:\/\/klarafardiga.com\/?p=169\" \/>\n<meta property=\"og:site_name\" content=\"Baka med KlaraForm\" \/>\n<meta property=\"article:published_time\" content=\"2010-06-25T14:56:00+00:00\" \/>\n<meta property=\"og:image\" content=\"http:\/\/1.bp.blogspot.com\/_rCm4mArCkLE\/TCTDt0arsXI\/AAAAAAAAB6Y\/OwfDKqZrLrY\/s400\/klara_glad_midsommar.jpg\" \/>\n<meta name=\"author\" content=\"admin\" \/>\n<meta name=\"twitter:card\" content=\"summary_large_image\" \/>\n<meta name=\"twitter:label1\" content=\"Skriven av\" \/>\n\t<meta name=\"twitter:data1\" content=\"admin\" \/>\n<script type=\"application\/ld+json\" class=\"yoast-schema-graph\">{\"@context\":\"https:\/\/schema.org\",\"@graph\":[{\"@type\":\"WebPage\",\"@id\":\"https:\/\/klarafardiga.com\/?p=169\",\"url\":\"https:\/\/klarafardiga.com\/?p=169\",\"name\":\"Glad Midsommar! - Baka med KlaraForm\",\"isPartOf\":{\"@id\":\"https:\/\/klarafardiga.com\/#website\"},\"primaryImageOfPage\":{\"@id\":\"https:\/\/klarafardiga.com\/?p=169#primaryimage\"},\"image\":{\"@id\":\"https:\/\/klarafardiga.com\/?p=169#primaryimage\"},\"thumbnailUrl\":\"http:\/\/1.bp.blogspot.com\/_rCm4mArCkLE\/TCTDt0arsXI\/AAAAAAAAB6Y\/OwfDKqZrLrY\/s400\/klara_glad_midsommar.jpg\",\"datePublished\":\"2010-06-25T14:56:00+00:00\",\"dateModified\":\"2010-06-25T14:56:00+00:00\",\"author\":{\"@id\":\"https:\/\/klarafardiga.com\/#\/schema\/person\/0f54ba1da7c4c21dd7411ed3a8e9f8c0\"},\"breadcrumb\":{\"@id\":\"https:\/\/klarafardiga.com\/?p=169#breadcrumb\"},\"inLanguage\":\"sv-SE\",\"potentialAction\":[{\"@type\":\"ReadAction\",\"target\":[\"https:\/\/klarafardiga.com\/?p=169\"]}]},{\"@type\":\"ImageObject\",\"inLanguage\":\"sv-SE\",\"@id\":\"https:\/\/klarafardiga.com\/?p=169#primaryimage\",\"url\":\"http:\/\/1.bp.blogspot.com\/_rCm4mArCkLE\/TCTDt0arsXI\/AAAAAAAAB6Y\/OwfDKqZrLrY\/s400\/klara_glad_midsommar.jpg\",\"contentUrl\":\"http:\/\/1.bp.blogspot.com\/_rCm4mArCkLE\/TCTDt0arsXI\/AAAAAAAAB6Y\/OwfDKqZrLrY\/s400\/klara_glad_midsommar.jpg\"},{\"@type\":\"BreadcrumbList\",\"@id\":\"https:\/\/klarafardiga.com\/?p=169#breadcrumb\",\"itemListElement\":[{\"@type\":\"ListItem\",\"position\":1,\"name\":\"Hem\",\"item\":\"https:\/\/klarafardiga.com\/\"},{\"@type\":\"ListItem\",\"position\":2,\"name\":\"Glad Midsommar!\"}]},{\"@type\":\"WebSite\",\"@id\":\"https:\/\/klarafardiga.com\/#website\",\"url\":\"https:\/\/klarafardiga.com\/\",\"name\":\"Baka med KlaraForm\",\"description\":\"Recept, tips och nyheter i butiken\",\"potentialAction\":[{\"@type\":\"SearchAction\",\"target\":{\"@type\":\"EntryPoint\",\"urlTemplate\":\"https:\/\/klarafardiga.com\/?s={search_term_string}\"},\"query-input\":{\"@type\":\"PropertyValueSpecification\",\"valueRequired\":true,\"valueName\":\"search_term_string\"}}],\"inLanguage\":\"sv-SE\"},{\"@type\":\"Person\",\"@id\":\"https:\/\/klarafardiga.com\/#\/schema\/person\/0f54ba1da7c4c21dd7411ed3a8e9f8c0\",\"name\":\"admin\",\"image\":{\"@type\":\"ImageObject\",\"inLanguage\":\"sv-SE\",\"@id\":\"https:\/\/klarafardiga.com\/#\/schema\/person\/image\/\",\"url\":\"https:\/\/secure.gravatar.com\/avatar\/356da59eaae0a6e58215761d8e8dabed?s=96&d=mm&r=g\",\"contentUrl\":\"https:\/\/secure.gravatar.com\/avatar\/356da59eaae0a6e58215761d8e8dabed?s=96&d=mm&r=g\",\"caption\":\"admin\"},\"sameAs\":[\"http:\/\/www.klaraform.se\"],\"url\":\"https:\/\/klarafardiga.com\/?author=1\"}]}<\/script>\n<!-- \/ Yoast SEO plugin. -->","yoast_head_json":{"title":"Glad Midsommar! - Baka med KlaraForm","robots":{"index":"index","follow":"follow","max-snippet":"max-snippet:-1","max-image-preview":"max-image-preview:large","max-video-preview":"max-video-preview:-1"},"canonical":"https:\/\/klarafardiga.com\/?p=169","og_locale":"sv_SE","og_type":"article","og_title":"Glad Midsommar! - Baka med KlaraForm","og_description":"\u00d6nskar er alla en glad midsommar \ud83d\ude42 Vi har avnjutit en h\u00e4rlig midsommart\u00e5rta nu p\u00e5 eftermiddagen&#8230; Mumsigt v\u00e4rre \ud83d\ude42 Kram Helena","og_url":"https:\/\/klarafardiga.com\/?p=169","og_site_name":"Baka med KlaraForm","article_published_time":"2010-06-25T14:56:00+00:00","og_image":[{"url":"http:\/\/1.bp.blogspot.com\/_rCm4mArCkLE\/TCTDt0arsXI\/AAAAAAAAB6Y\/OwfDKqZrLrY\/s400\/klara_glad_midsommar.jpg"}],"author":"admin","twitter_card":"summary_large_image","twitter_misc":{"Skriven av":"admin"},"schema":{"@context":"https:\/\/schema.org","@graph":[{"@type":"WebPage","@id":"https:\/\/klarafardiga.com\/?p=169","url":"https:\/\/klarafardiga.com\/?p=169","name":"Glad Midsommar! - Baka med KlaraForm","isPartOf":{"@id":"https:\/\/klarafardiga.com\/#website"},"primaryImageOfPage":{"@id":"https:\/\/klarafardiga.com\/?p=169#primaryimage"},"image":{"@id":"https:\/\/klarafardiga.com\/?p=169#primaryimage"},"thumbnailUrl":"http:\/\/1.bp.blogspot.com\/_rCm4mArCkLE\/TCTDt0arsXI\/AAAAAAAAB6Y\/OwfDKqZrLrY\/s400\/klara_glad_midsommar.jpg","datePublished":"2010-06-25T14:56:00+00:00","dateModified":"2010-06-25T14:56:00+00:00","author":{"@id":"https:\/\/klarafardiga.com\/#\/schema\/person\/0f54ba1da7c4c21dd7411ed3a8e9f8c0"},"breadcrumb":{"@id":"https:\/\/klarafardiga.com\/?p=169#breadcrumb"},"inLanguage":"sv-SE","potentialAction":[{"@type":"ReadAction","target":["https:\/\/klarafardiga.com\/?p=169"]}]},{"@type":"ImageObject","inLanguage":"sv-SE","@id":"https:\/\/klarafardiga.com\/?p=169#primaryimage","url":"http:\/\/1.bp.blogspot.com\/_rCm4mArCkLE\/TCTDt0arsXI\/AAAAAAAAB6Y\/OwfDKqZrLrY\/s400\/klara_glad_midsommar.jpg","contentUrl":"http:\/\/1.bp.blogspot.com\/_rCm4mArCkLE\/TCTDt0arsXI\/AAAAAAAAB6Y\/OwfDKqZrLrY\/s400\/klara_glad_midsommar.jpg"},{"@type":"BreadcrumbList","@id":"https:\/\/klarafardiga.com\/?p=169#breadcrumb","itemListElement":[{"@type":"ListItem","position":1,"name":"Hem","item":"https:\/\/klarafardiga.com\/"},{"@type":"ListItem","position":2,"name":"Glad Midsommar!"}]},{"@type":"WebSite","@id":"https:\/\/klarafardiga.com\/#website","url":"https:\/\/klarafardiga.com\/","name":"Baka med KlaraForm","description":"Recept, tips och nyheter i butiken","potentialAction":[{"@type":"SearchAction","target":{"@type":"EntryPoint","urlTemplate":"https:\/\/klarafardiga.com\/?s={search_term_string}"},"query-input":{"@type":"PropertyValueSpecification","valueRequired":true,"valueName":"search_term_string"}}],"inLanguage":"sv-SE"},{"@type":"Person","@id":"https:\/\/klarafardiga.com\/#\/schema\/person\/0f54ba1da7c4c21dd7411ed3a8e9f8c0","name":"admin","image":{"@type":"ImageObject","inLanguage":"sv-SE","@id":"https:\/\/klarafardiga.com\/#\/schema\/person\/image\/","url":"https:\/\/secure.gravatar.com\/avatar\/356da59eaae0a6e58215761d8e8dabed?s=96&d=mm&r=g","contentUrl":"https:\/\/secure.gravatar.com\/avatar\/356da59eaae0a6e58215761d8e8dabed?s=96&d=mm&r=g","caption":"admin"},"sameAs":["http:\/\/www.klaraform.se"],"url":"https:\/\/klarafardiga.com\/?author=1"}]}},"_links":{"self":[{"href":"https:\/\/klarafardiga.com\/index.php?rest_route=\/wp\/v2\/posts\/169"}],"collection":[{"href":"https:\/\/klarafardiga.com\/index.php?rest_route=\/wp\/v2\/posts"}],"about":[{"href":"https:\/\/klarafardiga.com\/index.php?rest_route=\/wp\/v2\/types\/post"}],"author":[{"embeddable":true,"href":"https:\/\/klarafardiga.com\/index.php?rest_route=\/wp\/v2\/users\/1"}],"replies":[{"embeddable":true,"href":"https:\/\/klarafardiga.com\/index.php?rest_route=%2Fwp%2Fv2%2Fcomments&post=169"}],"version-history":[{"count":0,"href":"https:\/\/klarafardiga.com\/index.php?rest_route=\/wp\/v2\/posts\/169\/revisions"}],"wp:attachment":[{"href":"https:\/\/klarafardiga.com\/index.php?rest_route=%2Fwp%2Fv2%2Fmedia&parent=169"}],"wp:term":[{"taxonomy":"category","embeddable":true,"href":"https:\/\/klarafardiga.com\/index.php?rest_route=%2Fwp%2Fv2%2Fcategories&post=169"},{"taxonomy":"post_tag","embeddable":true,"href":"https:\/\/klarafardiga.com\/index.php?rest_route=%2Fwp%2Fv2%2Ftags&post=169"}],"curies":[{"name":"wp","href":"https:\/\/api.w.org\/{rel}","templated":true}]}}