{"id":155,"date":"2010-04-12T22:53:00","date_gmt":"2010-04-12T20:53:00","guid":{"rendered":"http:\/\/klarafardiga.com\/?p=155"},"modified":"2010-04-12T22:53:00","modified_gmt":"2010-04-12T20:53:00","slug":"varen-har-har","status":"publish","type":"post","link":"https:\/\/klarafardiga.com\/?p=155","title":{"rendered":"V\u00e5ren h\u00e4r h\u00e4r&#8230;"},"content":{"rendered":"<p>&#8230;p\u00e5 riktigt. Idag n\u00e4r jag kom hem fr\u00e5n jobbet m\u00f6ttes jag av denna syn. N\u00e4stan s\u00e5 jag l\u00e4ngtar tillbaka till den vita sn\u00f6n (nej). Eller s\u00e5 ska jag flytta till ett elvav\u00e5ningshus och bo p\u00e5 \u00f6versta v\u00e5nigen s\u00e5 leran hinner trilla av innan barnen kommit hem. Dottern sprang ute barfota mellan sn\u00f6h\u00f6garna p\u00e5 gr\u00e4smattan, och sonen i strumpl\u00e4sten&#8230; ja vad ska man s\u00e4ga, barnen har ocks\u00e5 v\u00e5rk\u00e4nslor, s\u00e5 kommer elaka mamman och tjatar om att man <strong>m \u00e5 s t e<\/strong> ha skorna p\u00e5 sig annars kan man bli sjuk och s\u00e5 <strong>m \u00e5 s t e<\/strong> man ta av sig dom <strong>u t a n f \u00f6 r<\/strong> ytterd\u00f6rren innan man g\u00e5r in n\u00e4r de \u00e4r leriga&#8230; H\u00e4rliga v\u00e5r!<\/p>\n<p><img decoding=\"async\" style=\"TEXT-ALIGN: center; MARGIN: 0px auto 10px; WIDTH: 433px; DISPLAY: block; HEIGHT: 318px; CURSOR: hand\" id=\"BLOGGER_PHOTO_ID_5459361401119049362\" border=\"0\" alt=\"\" src=\"http:\/\/4.bp.blogspot.com\/_rCm4mArCkLE\/S8OMRPYuBpI\/AAAAAAAAB3Q\/FrU4nYOP_nk\/s400\/var_fotter.jpg\" \/><br \/>Gl\u00f6m nu inte att t\u00e4vla p\u00e5 <a href=\"http:\/\/www.dagensmuffin.se\/\">http:\/\/www.dagensmuffin.se\/<\/a> d\u00e4r du kan vinna muffinsformar fr\u00e5n <a href=\"http:\/\/www.klarafardiga.com\/\">http:\/\/www.klarafardiga.com\/<\/a><\/p>\n<p>Ha en fortsatt h\u00e4rlig vecka!<\/p>\n<p>Kram Helena<\/p>\n","protected":false},"excerpt":{"rendered":"<p>&#8230;p\u00e5 riktigt. Idag n\u00e4r jag kom hem fr\u00e5n jobbet m\u00f6ttes jag av denna syn. N\u00e4stan s\u00e5 jag l\u00e4ngtar tillbaka till den vita sn\u00f6n (nej). Eller s\u00e5 ska jag flytta till ett elvav\u00e5ningshus och bo p\u00e5 \u00f6versta v\u00e5nigen s\u00e5 leran hinner trilla av innan barnen kommit hem. Dottern sprang ute barfota mellan sn\u00f6h\u00f6garna p\u00e5 gr\u00e4smattan, och sonen i strumpl\u00e4sten&#8230; ja vad ska man s\u00e4ga, barnen har ocks\u00e5 v\u00e5rk\u00e4nslor, s\u00e5 kommer elaka mamman och tjatar om att man m \u00e5 s t e ha skorna p\u00e5 sig annars kan man bli sjuk och s\u00e5 m \u00e5 s t e man ta av sig dom u t a n f \u00f6 r ytterd\u00f6rren innan man g\u00e5r in n\u00e4r de \u00e4r leriga&#8230; H\u00e4rliga v\u00e5r! Gl\u00f6m nu inte att t\u00e4vla p\u00e5 http:\/\/www.dagensmuffin.se\/ d\u00e4r du kan vinna muffinsformar fr\u00e5n http:\/\/www.klarafardiga.com\/ Ha en fortsatt h\u00e4rlig vecka! Kram Helena<\/p>\n","protected":false},"author":1,"featured_media":0,"comment_status":"open","ping_status":"open","sticky":false,"template":"","format":"standard","meta":{"footnotes":""},"categories":[8,4,11],"tags":[],"yoast_head":"<!-- This site is optimized with the Yoast SEO plugin v23.5 - https:\/\/yoast.com\/wordpress\/plugins\/seo\/ -->\n<title>V\u00e5ren h\u00e4r h\u00e4r... - Baka med KlaraForm<\/title>\n<meta name=\"robots\" content=\"index, follow, max-snippet:-1, max-image-preview:large, max-video-preview:-1\" \/>\n<link rel=\"canonical\" href=\"https:\/\/klarafardiga.com\/?p=155\" \/>\n<meta property=\"og:locale\" content=\"sv_SE\" \/>\n<meta property=\"og:type\" content=\"article\" \/>\n<meta property=\"og:title\" content=\"V\u00e5ren h\u00e4r h\u00e4r... - Baka med KlaraForm\" \/>\n<meta property=\"og:description\" content=\"&#8230;p\u00e5 riktigt. Idag n\u00e4r jag kom hem fr\u00e5n jobbet m\u00f6ttes jag av denna syn. N\u00e4stan s\u00e5 jag l\u00e4ngtar tillbaka till den vita sn\u00f6n (nej). Eller s\u00e5 ska jag flytta till ett elvav\u00e5ningshus och bo p\u00e5 \u00f6versta v\u00e5nigen s\u00e5 leran hinner trilla av innan barnen kommit hem. Dottern sprang ute barfota mellan sn\u00f6h\u00f6garna p\u00e5 gr\u00e4smattan, och sonen i strumpl\u00e4sten&#8230; ja vad ska man s\u00e4ga, barnen har ocks\u00e5 v\u00e5rk\u00e4nslor, s\u00e5 kommer elaka mamman och tjatar om att man m \u00e5 s t e ha skorna p\u00e5 sig annars kan man bli sjuk och s\u00e5 m \u00e5 s t e man ta av sig dom u t a n f \u00f6 r ytterd\u00f6rren innan man g\u00e5r in n\u00e4r de \u00e4r leriga&#8230; H\u00e4rliga v\u00e5r! Gl\u00f6m nu inte att t\u00e4vla p\u00e5 http:\/\/www.dagensmuffin.se\/ d\u00e4r du kan vinna muffinsformar fr\u00e5n http:\/\/www.klarafardiga.com\/ Ha en fortsatt h\u00e4rlig vecka! Kram Helena\" \/>\n<meta property=\"og:url\" content=\"https:\/\/klarafardiga.com\/?p=155\" \/>\n<meta property=\"og:site_name\" content=\"Baka med KlaraForm\" \/>\n<meta property=\"article:published_time\" content=\"2010-04-12T20:53:00+00:00\" \/>\n<meta property=\"og:image\" content=\"http:\/\/4.bp.blogspot.com\/_rCm4mArCkLE\/S8OMRPYuBpI\/AAAAAAAAB3Q\/FrU4nYOP_nk\/s400\/var_fotter.jpg\" \/>\n<meta name=\"author\" content=\"admin\" \/>\n<meta name=\"twitter:card\" content=\"summary_large_image\" \/>\n<meta name=\"twitter:label1\" content=\"Skriven av\" \/>\n\t<meta name=\"twitter:data1\" content=\"admin\" \/>\n\t<meta name=\"twitter:label2\" content=\"Ber\u00e4knad l\u00e4stid\" \/>\n\t<meta name=\"twitter:data2\" content=\"1 minut\" \/>\n<script type=\"application\/ld+json\" class=\"yoast-schema-graph\">{\"@context\":\"https:\/\/schema.org\",\"@graph\":[{\"@type\":\"WebPage\",\"@id\":\"https:\/\/klarafardiga.com\/?p=155\",\"url\":\"https:\/\/klarafardiga.com\/?p=155\",\"name\":\"V\u00e5ren h\u00e4r h\u00e4r... - Baka med KlaraForm\",\"isPartOf\":{\"@id\":\"https:\/\/klarafardiga.com\/#website\"},\"primaryImageOfPage\":{\"@id\":\"https:\/\/klarafardiga.com\/?p=155#primaryimage\"},\"image\":{\"@id\":\"https:\/\/klarafardiga.com\/?p=155#primaryimage\"},\"thumbnailUrl\":\"http:\/\/4.bp.blogspot.com\/_rCm4mArCkLE\/S8OMRPYuBpI\/AAAAAAAAB3Q\/FrU4nYOP_nk\/s400\/var_fotter.jpg\",\"datePublished\":\"2010-04-12T20:53:00+00:00\",\"dateModified\":\"2010-04-12T20:53:00+00:00\",\"author\":{\"@id\":\"https:\/\/klarafardiga.com\/#\/schema\/person\/0f54ba1da7c4c21dd7411ed3a8e9f8c0\"},\"breadcrumb\":{\"@id\":\"https:\/\/klarafardiga.com\/?p=155#breadcrumb\"},\"inLanguage\":\"sv-SE\",\"potentialAction\":[{\"@type\":\"ReadAction\",\"target\":[\"https:\/\/klarafardiga.com\/?p=155\"]}]},{\"@type\":\"ImageObject\",\"inLanguage\":\"sv-SE\",\"@id\":\"https:\/\/klarafardiga.com\/?p=155#primaryimage\",\"url\":\"http:\/\/4.bp.blogspot.com\/_rCm4mArCkLE\/S8OMRPYuBpI\/AAAAAAAAB3Q\/FrU4nYOP_nk\/s400\/var_fotter.jpg\",\"contentUrl\":\"http:\/\/4.bp.blogspot.com\/_rCm4mArCkLE\/S8OMRPYuBpI\/AAAAAAAAB3Q\/FrU4nYOP_nk\/s400\/var_fotter.jpg\"},{\"@type\":\"BreadcrumbList\",\"@id\":\"https:\/\/klarafardiga.com\/?p=155#breadcrumb\",\"itemListElement\":[{\"@type\":\"ListItem\",\"position\":1,\"name\":\"Hem\",\"item\":\"https:\/\/klarafardiga.com\/\"},{\"@type\":\"ListItem\",\"position\":2,\"name\":\"V\u00e5ren h\u00e4r h\u00e4r&#8230;\"}]},{\"@type\":\"WebSite\",\"@id\":\"https:\/\/klarafardiga.com\/#website\",\"url\":\"https:\/\/klarafardiga.com\/\",\"name\":\"Baka med KlaraForm\",\"description\":\"Recept, tips och nyheter i butiken\",\"potentialAction\":[{\"@type\":\"SearchAction\",\"target\":{\"@type\":\"EntryPoint\",\"urlTemplate\":\"https:\/\/klarafardiga.com\/?s={search_term_string}\"},\"query-input\":{\"@type\":\"PropertyValueSpecification\",\"valueRequired\":true,\"valueName\":\"search_term_string\"}}],\"inLanguage\":\"sv-SE\"},{\"@type\":\"Person\",\"@id\":\"https:\/\/klarafardiga.com\/#\/schema\/person\/0f54ba1da7c4c21dd7411ed3a8e9f8c0\",\"name\":\"admin\",\"image\":{\"@type\":\"ImageObject\",\"inLanguage\":\"sv-SE\",\"@id\":\"https:\/\/klarafardiga.com\/#\/schema\/person\/image\/\",\"url\":\"https:\/\/secure.gravatar.com\/avatar\/356da59eaae0a6e58215761d8e8dabed?s=96&d=mm&r=g\",\"contentUrl\":\"https:\/\/secure.gravatar.com\/avatar\/356da59eaae0a6e58215761d8e8dabed?s=96&d=mm&r=g\",\"caption\":\"admin\"},\"sameAs\":[\"http:\/\/www.klaraform.se\"],\"url\":\"https:\/\/klarafardiga.com\/?author=1\"}]}<\/script>\n<!-- \/ Yoast SEO plugin. -->","yoast_head_json":{"title":"V\u00e5ren h\u00e4r h\u00e4r... - Baka med KlaraForm","robots":{"index":"index","follow":"follow","max-snippet":"max-snippet:-1","max-image-preview":"max-image-preview:large","max-video-preview":"max-video-preview:-1"},"canonical":"https:\/\/klarafardiga.com\/?p=155","og_locale":"sv_SE","og_type":"article","og_title":"V\u00e5ren h\u00e4r h\u00e4r... - Baka med KlaraForm","og_description":"&#8230;p\u00e5 riktigt. Idag n\u00e4r jag kom hem fr\u00e5n jobbet m\u00f6ttes jag av denna syn. N\u00e4stan s\u00e5 jag l\u00e4ngtar tillbaka till den vita sn\u00f6n (nej). Eller s\u00e5 ska jag flytta till ett elvav\u00e5ningshus och bo p\u00e5 \u00f6versta v\u00e5nigen s\u00e5 leran hinner trilla av innan barnen kommit hem. Dottern sprang ute barfota mellan sn\u00f6h\u00f6garna p\u00e5 gr\u00e4smattan, och sonen i strumpl\u00e4sten&#8230; ja vad ska man s\u00e4ga, barnen har ocks\u00e5 v\u00e5rk\u00e4nslor, s\u00e5 kommer elaka mamman och tjatar om att man m \u00e5 s t e ha skorna p\u00e5 sig annars kan man bli sjuk och s\u00e5 m \u00e5 s t e man ta av sig dom u t a n f \u00f6 r ytterd\u00f6rren innan man g\u00e5r in n\u00e4r de \u00e4r leriga&#8230; H\u00e4rliga v\u00e5r! Gl\u00f6m nu inte att t\u00e4vla p\u00e5 http:\/\/www.dagensmuffin.se\/ d\u00e4r du kan vinna muffinsformar fr\u00e5n http:\/\/www.klarafardiga.com\/ Ha en fortsatt h\u00e4rlig vecka! Kram Helena","og_url":"https:\/\/klarafardiga.com\/?p=155","og_site_name":"Baka med KlaraForm","article_published_time":"2010-04-12T20:53:00+00:00","og_image":[{"url":"http:\/\/4.bp.blogspot.com\/_rCm4mArCkLE\/S8OMRPYuBpI\/AAAAAAAAB3Q\/FrU4nYOP_nk\/s400\/var_fotter.jpg"}],"author":"admin","twitter_card":"summary_large_image","twitter_misc":{"Skriven av":"admin","Ber\u00e4knad l\u00e4stid":"1 minut"},"schema":{"@context":"https:\/\/schema.org","@graph":[{"@type":"WebPage","@id":"https:\/\/klarafardiga.com\/?p=155","url":"https:\/\/klarafardiga.com\/?p=155","name":"V\u00e5ren h\u00e4r h\u00e4r... - Baka med KlaraForm","isPartOf":{"@id":"https:\/\/klarafardiga.com\/#website"},"primaryImageOfPage":{"@id":"https:\/\/klarafardiga.com\/?p=155#primaryimage"},"image":{"@id":"https:\/\/klarafardiga.com\/?p=155#primaryimage"},"thumbnailUrl":"http:\/\/4.bp.blogspot.com\/_rCm4mArCkLE\/S8OMRPYuBpI\/AAAAAAAAB3Q\/FrU4nYOP_nk\/s400\/var_fotter.jpg","datePublished":"2010-04-12T20:53:00+00:00","dateModified":"2010-04-12T20:53:00+00:00","author":{"@id":"https:\/\/klarafardiga.com\/#\/schema\/person\/0f54ba1da7c4c21dd7411ed3a8e9f8c0"},"breadcrumb":{"@id":"https:\/\/klarafardiga.com\/?p=155#breadcrumb"},"inLanguage":"sv-SE","potentialAction":[{"@type":"ReadAction","target":["https:\/\/klarafardiga.com\/?p=155"]}]},{"@type":"ImageObject","inLanguage":"sv-SE","@id":"https:\/\/klarafardiga.com\/?p=155#primaryimage","url":"http:\/\/4.bp.blogspot.com\/_rCm4mArCkLE\/S8OMRPYuBpI\/AAAAAAAAB3Q\/FrU4nYOP_nk\/s400\/var_fotter.jpg","contentUrl":"http:\/\/4.bp.blogspot.com\/_rCm4mArCkLE\/S8OMRPYuBpI\/AAAAAAAAB3Q\/FrU4nYOP_nk\/s400\/var_fotter.jpg"},{"@type":"BreadcrumbList","@id":"https:\/\/klarafardiga.com\/?p=155#breadcrumb","itemListElement":[{"@type":"ListItem","position":1,"name":"Hem","item":"https:\/\/klarafardiga.com\/"},{"@type":"ListItem","position":2,"name":"V\u00e5ren h\u00e4r h\u00e4r&#8230;"}]},{"@type":"WebSite","@id":"https:\/\/klarafardiga.com\/#website","url":"https:\/\/klarafardiga.com\/","name":"Baka med KlaraForm","description":"Recept, tips och nyheter i butiken","potentialAction":[{"@type":"SearchAction","target":{"@type":"EntryPoint","urlTemplate":"https:\/\/klarafardiga.com\/?s={search_term_string}"},"query-input":{"@type":"PropertyValueSpecification","valueRequired":true,"valueName":"search_term_string"}}],"inLanguage":"sv-SE"},{"@type":"Person","@id":"https:\/\/klarafardiga.com\/#\/schema\/person\/0f54ba1da7c4c21dd7411ed3a8e9f8c0","name":"admin","image":{"@type":"ImageObject","inLanguage":"sv-SE","@id":"https:\/\/klarafardiga.com\/#\/schema\/person\/image\/","url":"https:\/\/secure.gravatar.com\/avatar\/356da59eaae0a6e58215761d8e8dabed?s=96&d=mm&r=g","contentUrl":"https:\/\/secure.gravatar.com\/avatar\/356da59eaae0a6e58215761d8e8dabed?s=96&d=mm&r=g","caption":"admin"},"sameAs":["http:\/\/www.klaraform.se"],"url":"https:\/\/klarafardiga.com\/?author=1"}]}},"_links":{"self":[{"href":"https:\/\/klarafardiga.com\/index.php?rest_route=\/wp\/v2\/posts\/155"}],"collection":[{"href":"https:\/\/klarafardiga.com\/index.php?rest_route=\/wp\/v2\/posts"}],"about":[{"href":"https:\/\/klarafardiga.com\/index.php?rest_route=\/wp\/v2\/types\/post"}],"author":[{"embeddable":true,"href":"https:\/\/klarafardiga.com\/index.php?rest_route=\/wp\/v2\/users\/1"}],"replies":[{"embeddable":true,"href":"https:\/\/klarafardiga.com\/index.php?rest_route=%2Fwp%2Fv2%2Fcomments&post=155"}],"version-history":[{"count":0,"href":"https:\/\/klarafardiga.com\/index.php?rest_route=\/wp\/v2\/posts\/155\/revisions"}],"wp:attachment":[{"href":"https:\/\/klarafardiga.com\/index.php?rest_route=%2Fwp%2Fv2%2Fmedia&parent=155"}],"wp:term":[{"taxonomy":"category","embeddable":true,"href":"https:\/\/klarafardiga.com\/index.php?rest_route=%2Fwp%2Fv2%2Fcategories&post=155"},{"taxonomy":"post_tag","embeddable":true,"href":"https:\/\/klarafardiga.com\/index.php?rest_route=%2Fwp%2Fv2%2Ftags&post=155"}],"curies":[{"name":"wp","href":"https:\/\/api.w.org\/{rel}","templated":true}]}}