{"id":151,"date":"2010-04-05T10:09:00","date_gmt":"2010-04-05T08:09:00","guid":{"rendered":"http:\/\/klarafardiga.com\/?p=151"},"modified":"2010-04-05T10:09:00","modified_gmt":"2010-04-05T08:09:00","slug":"tavling-2","status":"publish","type":"post","link":"https:\/\/klarafardiga.com\/?p=151","title":{"rendered":"T\u00e4vling"},"content":{"rendered":"<p>Gl\u00f6m inte att t\u00e4vla p\u00e5 <a href=\"http:\/\/www.dagensmuffin.se\/contest.pl\"><strong>DagensMuffin<\/strong><\/a> om muffinsformar fr\u00e5n <a href=\"http:\/\/www.klarafardiga.com\/\"><strong>Klara f\u00e4rdiga g\u00e5<\/strong><\/a>! Du f\u00e5r j\u00e4tteg\u00e4rna l\u00e4nka till t\u00e4vlingen <a href=\"http:\/\/www.dagensmuffin.se\/contest.pl\"><strong>http:\/\/www.dagensmuffin.se\/contest.pl<\/strong><\/a><strong> <\/strong>fler hittar dit.<\/p>\n<p>Bild f\u00f6r l\u00e4nkning finns till h\u00f6ger p\u00e5 denna sida. Tusen, tusen tack p\u00e5 f\u00f6rhand \ud83d\ude42<\/p>\n<p><img decoding=\"async\" style=\"TEXT-ALIGN: center; MARGIN: 0px auto 10px; WIDTH: 400px; DISPLAY: block; HEIGHT: 266px; CURSOR: hand\" id=\"BLOGGER_PHOTO_ID_5456563566929484514\" border=\"0\" alt=\"\" src=\"http:\/\/2.bp.blogspot.com\/_rCm4mArCkLE\/S7mbp20rmuI\/AAAAAAAAB2g\/9M3D5Gh7NbE\/s400\/klarafardiga02.jpg\" \/>Snart \u00e4r p\u00e5skhelgen slut, t\u00e4nk vad fort det g\u00e5r. Vi har \u00e4tit massor av \u00e4gg i alla fall. S\u00e5 kom vi ih\u00e5g att ta fram v\u00e5r annorlunda &#8221;\u00e4ggh\u00e5llare&#8221; som jag k\u00f6pte p\u00e5 loppis f\u00f6r ca 10 \u00e5r sedan, visst \u00e4r den stilig!?<img decoding=\"async\" style=\"TEXT-ALIGN: center; MARGIN: 0px auto 10px; WIDTH: 299px; DISPLAY: block; HEIGHT: 400px; CURSOR: hand\" id=\"BLOGGER_PHOTO_ID_5456564100572330210\" border=\"0\" alt=\"\" src=\"http:\/\/2.bp.blogspot.com\/_rCm4mArCkLE\/S7mcI6zDOOI\/AAAAAAAAB2o\/ng8HlgBcY2w\/s400\/agg_01.jpg\" \/><br \/>Ha en h\u00e4rlig Annandag p\u00e5sk!<br \/>Kram Helena<\/p>\n","protected":false},"excerpt":{"rendered":"<p>Gl\u00f6m inte att t\u00e4vla p\u00e5 DagensMuffin om muffinsformar fr\u00e5n Klara f\u00e4rdiga g\u00e5! Du f\u00e5r j\u00e4tteg\u00e4rna l\u00e4nka till t\u00e4vlingen http:\/\/www.dagensmuffin.se\/contest.pl fler hittar dit. Bild f\u00f6r l\u00e4nkning finns till h\u00f6ger p\u00e5 denna sida. Tusen, tusen tack p\u00e5 f\u00f6rhand \ud83d\ude42 Snart \u00e4r p\u00e5skhelgen slut, t\u00e4nk vad fort det g\u00e5r. Vi har \u00e4tit massor av \u00e4gg i alla fall. S\u00e5 kom vi ih\u00e5g att ta fram v\u00e5r annorlunda &#8221;\u00e4ggh\u00e5llare&#8221; som jag k\u00f6pte p\u00e5 loppis f\u00f6r ca 10 \u00e5r sedan, visst \u00e4r den stilig!?Ha en h\u00e4rlig Annandag p\u00e5sk!Kram Helena<\/p>\n","protected":false},"author":1,"featured_media":0,"comment_status":"open","ping_status":"open","sticky":false,"template":"","format":"standard","meta":{"footnotes":""},"categories":[8,11],"tags":[],"yoast_head":"<!-- This site is optimized with the Yoast SEO plugin v23.5 - https:\/\/yoast.com\/wordpress\/plugins\/seo\/ -->\n<title>T\u00e4vling - Baka med KlaraForm<\/title>\n<meta name=\"robots\" content=\"index, follow, max-snippet:-1, max-image-preview:large, max-video-preview:-1\" \/>\n<link rel=\"canonical\" href=\"https:\/\/klarafardiga.com\/?p=151\" \/>\n<meta property=\"og:locale\" content=\"sv_SE\" \/>\n<meta property=\"og:type\" content=\"article\" \/>\n<meta property=\"og:title\" content=\"T\u00e4vling - Baka med KlaraForm\" \/>\n<meta property=\"og:description\" content=\"Gl\u00f6m inte att t\u00e4vla p\u00e5 DagensMuffin om muffinsformar fr\u00e5n Klara f\u00e4rdiga g\u00e5! Du f\u00e5r j\u00e4tteg\u00e4rna l\u00e4nka till t\u00e4vlingen http:\/\/www.dagensmuffin.se\/contest.pl fler hittar dit. Bild f\u00f6r l\u00e4nkning finns till h\u00f6ger p\u00e5 denna sida. Tusen, tusen tack p\u00e5 f\u00f6rhand \ud83d\ude42 Snart \u00e4r p\u00e5skhelgen slut, t\u00e4nk vad fort det g\u00e5r. Vi har \u00e4tit massor av \u00e4gg i alla fall. S\u00e5 kom vi ih\u00e5g att ta fram v\u00e5r annorlunda &#8221;\u00e4ggh\u00e5llare&#8221; som jag k\u00f6pte p\u00e5 loppis f\u00f6r ca 10 \u00e5r sedan, visst \u00e4r den stilig!?Ha en h\u00e4rlig Annandag p\u00e5sk!Kram Helena\" \/>\n<meta property=\"og:url\" content=\"https:\/\/klarafardiga.com\/?p=151\" \/>\n<meta property=\"og:site_name\" content=\"Baka med KlaraForm\" \/>\n<meta property=\"article:published_time\" content=\"2010-04-05T08:09:00+00:00\" \/>\n<meta property=\"og:image\" content=\"http:\/\/2.bp.blogspot.com\/_rCm4mArCkLE\/S7mbp20rmuI\/AAAAAAAAB2g\/9M3D5Gh7NbE\/s400\/klarafardiga02.jpg\" \/>\n<meta name=\"author\" content=\"admin\" \/>\n<meta name=\"twitter:card\" content=\"summary_large_image\" \/>\n<meta name=\"twitter:label1\" content=\"Skriven av\" \/>\n\t<meta name=\"twitter:data1\" content=\"admin\" \/>\n\t<meta name=\"twitter:label2\" content=\"Ber\u00e4knad l\u00e4stid\" \/>\n\t<meta name=\"twitter:data2\" content=\"1 minut\" \/>\n<script type=\"application\/ld+json\" class=\"yoast-schema-graph\">{\"@context\":\"https:\/\/schema.org\",\"@graph\":[{\"@type\":\"WebPage\",\"@id\":\"https:\/\/klarafardiga.com\/?p=151\",\"url\":\"https:\/\/klarafardiga.com\/?p=151\",\"name\":\"T\u00e4vling - Baka med KlaraForm\",\"isPartOf\":{\"@id\":\"https:\/\/klarafardiga.com\/#website\"},\"primaryImageOfPage\":{\"@id\":\"https:\/\/klarafardiga.com\/?p=151#primaryimage\"},\"image\":{\"@id\":\"https:\/\/klarafardiga.com\/?p=151#primaryimage\"},\"thumbnailUrl\":\"http:\/\/2.bp.blogspot.com\/_rCm4mArCkLE\/S7mbp20rmuI\/AAAAAAAAB2g\/9M3D5Gh7NbE\/s400\/klarafardiga02.jpg\",\"datePublished\":\"2010-04-05T08:09:00+00:00\",\"dateModified\":\"2010-04-05T08:09:00+00:00\",\"author\":{\"@id\":\"https:\/\/klarafardiga.com\/#\/schema\/person\/0f54ba1da7c4c21dd7411ed3a8e9f8c0\"},\"breadcrumb\":{\"@id\":\"https:\/\/klarafardiga.com\/?p=151#breadcrumb\"},\"inLanguage\":\"sv-SE\",\"potentialAction\":[{\"@type\":\"ReadAction\",\"target\":[\"https:\/\/klarafardiga.com\/?p=151\"]}]},{\"@type\":\"ImageObject\",\"inLanguage\":\"sv-SE\",\"@id\":\"https:\/\/klarafardiga.com\/?p=151#primaryimage\",\"url\":\"http:\/\/2.bp.blogspot.com\/_rCm4mArCkLE\/S7mbp20rmuI\/AAAAAAAAB2g\/9M3D5Gh7NbE\/s400\/klarafardiga02.jpg\",\"contentUrl\":\"http:\/\/2.bp.blogspot.com\/_rCm4mArCkLE\/S7mbp20rmuI\/AAAAAAAAB2g\/9M3D5Gh7NbE\/s400\/klarafardiga02.jpg\"},{\"@type\":\"BreadcrumbList\",\"@id\":\"https:\/\/klarafardiga.com\/?p=151#breadcrumb\",\"itemListElement\":[{\"@type\":\"ListItem\",\"position\":1,\"name\":\"Hem\",\"item\":\"https:\/\/klarafardiga.com\/\"},{\"@type\":\"ListItem\",\"position\":2,\"name\":\"T\u00e4vling\"}]},{\"@type\":\"WebSite\",\"@id\":\"https:\/\/klarafardiga.com\/#website\",\"url\":\"https:\/\/klarafardiga.com\/\",\"name\":\"Baka med KlaraForm\",\"description\":\"Recept, tips och nyheter i butiken\",\"potentialAction\":[{\"@type\":\"SearchAction\",\"target\":{\"@type\":\"EntryPoint\",\"urlTemplate\":\"https:\/\/klarafardiga.com\/?s={search_term_string}\"},\"query-input\":{\"@type\":\"PropertyValueSpecification\",\"valueRequired\":true,\"valueName\":\"search_term_string\"}}],\"inLanguage\":\"sv-SE\"},{\"@type\":\"Person\",\"@id\":\"https:\/\/klarafardiga.com\/#\/schema\/person\/0f54ba1da7c4c21dd7411ed3a8e9f8c0\",\"name\":\"admin\",\"image\":{\"@type\":\"ImageObject\",\"inLanguage\":\"sv-SE\",\"@id\":\"https:\/\/klarafardiga.com\/#\/schema\/person\/image\/\",\"url\":\"https:\/\/secure.gravatar.com\/avatar\/356da59eaae0a6e58215761d8e8dabed?s=96&d=mm&r=g\",\"contentUrl\":\"https:\/\/secure.gravatar.com\/avatar\/356da59eaae0a6e58215761d8e8dabed?s=96&d=mm&r=g\",\"caption\":\"admin\"},\"sameAs\":[\"http:\/\/www.klaraform.se\"],\"url\":\"https:\/\/klarafardiga.com\/?author=1\"}]}<\/script>\n<!-- \/ Yoast SEO plugin. -->","yoast_head_json":{"title":"T\u00e4vling - Baka med KlaraForm","robots":{"index":"index","follow":"follow","max-snippet":"max-snippet:-1","max-image-preview":"max-image-preview:large","max-video-preview":"max-video-preview:-1"},"canonical":"https:\/\/klarafardiga.com\/?p=151","og_locale":"sv_SE","og_type":"article","og_title":"T\u00e4vling - Baka med KlaraForm","og_description":"Gl\u00f6m inte att t\u00e4vla p\u00e5 DagensMuffin om muffinsformar fr\u00e5n Klara f\u00e4rdiga g\u00e5! Du f\u00e5r j\u00e4tteg\u00e4rna l\u00e4nka till t\u00e4vlingen http:\/\/www.dagensmuffin.se\/contest.pl fler hittar dit. Bild f\u00f6r l\u00e4nkning finns till h\u00f6ger p\u00e5 denna sida. Tusen, tusen tack p\u00e5 f\u00f6rhand \ud83d\ude42 Snart \u00e4r p\u00e5skhelgen slut, t\u00e4nk vad fort det g\u00e5r. Vi har \u00e4tit massor av \u00e4gg i alla fall. S\u00e5 kom vi ih\u00e5g att ta fram v\u00e5r annorlunda &#8221;\u00e4ggh\u00e5llare&#8221; som jag k\u00f6pte p\u00e5 loppis f\u00f6r ca 10 \u00e5r sedan, visst \u00e4r den stilig!?Ha en h\u00e4rlig Annandag p\u00e5sk!Kram Helena","og_url":"https:\/\/klarafardiga.com\/?p=151","og_site_name":"Baka med KlaraForm","article_published_time":"2010-04-05T08:09:00+00:00","og_image":[{"url":"http:\/\/2.bp.blogspot.com\/_rCm4mArCkLE\/S7mbp20rmuI\/AAAAAAAAB2g\/9M3D5Gh7NbE\/s400\/klarafardiga02.jpg"}],"author":"admin","twitter_card":"summary_large_image","twitter_misc":{"Skriven av":"admin","Ber\u00e4knad l\u00e4stid":"1 minut"},"schema":{"@context":"https:\/\/schema.org","@graph":[{"@type":"WebPage","@id":"https:\/\/klarafardiga.com\/?p=151","url":"https:\/\/klarafardiga.com\/?p=151","name":"T\u00e4vling - Baka med KlaraForm","isPartOf":{"@id":"https:\/\/klarafardiga.com\/#website"},"primaryImageOfPage":{"@id":"https:\/\/klarafardiga.com\/?p=151#primaryimage"},"image":{"@id":"https:\/\/klarafardiga.com\/?p=151#primaryimage"},"thumbnailUrl":"http:\/\/2.bp.blogspot.com\/_rCm4mArCkLE\/S7mbp20rmuI\/AAAAAAAAB2g\/9M3D5Gh7NbE\/s400\/klarafardiga02.jpg","datePublished":"2010-04-05T08:09:00+00:00","dateModified":"2010-04-05T08:09:00+00:00","author":{"@id":"https:\/\/klarafardiga.com\/#\/schema\/person\/0f54ba1da7c4c21dd7411ed3a8e9f8c0"},"breadcrumb":{"@id":"https:\/\/klarafardiga.com\/?p=151#breadcrumb"},"inLanguage":"sv-SE","potentialAction":[{"@type":"ReadAction","target":["https:\/\/klarafardiga.com\/?p=151"]}]},{"@type":"ImageObject","inLanguage":"sv-SE","@id":"https:\/\/klarafardiga.com\/?p=151#primaryimage","url":"http:\/\/2.bp.blogspot.com\/_rCm4mArCkLE\/S7mbp20rmuI\/AAAAAAAAB2g\/9M3D5Gh7NbE\/s400\/klarafardiga02.jpg","contentUrl":"http:\/\/2.bp.blogspot.com\/_rCm4mArCkLE\/S7mbp20rmuI\/AAAAAAAAB2g\/9M3D5Gh7NbE\/s400\/klarafardiga02.jpg"},{"@type":"BreadcrumbList","@id":"https:\/\/klarafardiga.com\/?p=151#breadcrumb","itemListElement":[{"@type":"ListItem","position":1,"name":"Hem","item":"https:\/\/klarafardiga.com\/"},{"@type":"ListItem","position":2,"name":"T\u00e4vling"}]},{"@type":"WebSite","@id":"https:\/\/klarafardiga.com\/#website","url":"https:\/\/klarafardiga.com\/","name":"Baka med KlaraForm","description":"Recept, tips och nyheter i butiken","potentialAction":[{"@type":"SearchAction","target":{"@type":"EntryPoint","urlTemplate":"https:\/\/klarafardiga.com\/?s={search_term_string}"},"query-input":{"@type":"PropertyValueSpecification","valueRequired":true,"valueName":"search_term_string"}}],"inLanguage":"sv-SE"},{"@type":"Person","@id":"https:\/\/klarafardiga.com\/#\/schema\/person\/0f54ba1da7c4c21dd7411ed3a8e9f8c0","name":"admin","image":{"@type":"ImageObject","inLanguage":"sv-SE","@id":"https:\/\/klarafardiga.com\/#\/schema\/person\/image\/","url":"https:\/\/secure.gravatar.com\/avatar\/356da59eaae0a6e58215761d8e8dabed?s=96&d=mm&r=g","contentUrl":"https:\/\/secure.gravatar.com\/avatar\/356da59eaae0a6e58215761d8e8dabed?s=96&d=mm&r=g","caption":"admin"},"sameAs":["http:\/\/www.klaraform.se"],"url":"https:\/\/klarafardiga.com\/?author=1"}]}},"_links":{"self":[{"href":"https:\/\/klarafardiga.com\/index.php?rest_route=\/wp\/v2\/posts\/151"}],"collection":[{"href":"https:\/\/klarafardiga.com\/index.php?rest_route=\/wp\/v2\/posts"}],"about":[{"href":"https:\/\/klarafardiga.com\/index.php?rest_route=\/wp\/v2\/types\/post"}],"author":[{"embeddable":true,"href":"https:\/\/klarafardiga.com\/index.php?rest_route=\/wp\/v2\/users\/1"}],"replies":[{"embeddable":true,"href":"https:\/\/klarafardiga.com\/index.php?rest_route=%2Fwp%2Fv2%2Fcomments&post=151"}],"version-history":[{"count":0,"href":"https:\/\/klarafardiga.com\/index.php?rest_route=\/wp\/v2\/posts\/151\/revisions"}],"wp:attachment":[{"href":"https:\/\/klarafardiga.com\/index.php?rest_route=%2Fwp%2Fv2%2Fmedia&parent=151"}],"wp:term":[{"taxonomy":"category","embeddable":true,"href":"https:\/\/klarafardiga.com\/index.php?rest_route=%2Fwp%2Fv2%2Fcategories&post=151"},{"taxonomy":"post_tag","embeddable":true,"href":"https:\/\/klarafardiga.com\/index.php?rest_route=%2Fwp%2Fv2%2Ftags&post=151"}],"curies":[{"name":"wp","href":"https:\/\/api.w.org\/{rel}","templated":true}]}}