{"id":1464,"date":"2016-03-06T16:06:16","date_gmt":"2016-03-06T15:06:16","guid":{"rendered":"http:\/\/klarafardiga.com\/?p=1464"},"modified":"2016-04-17T11:36:54","modified_gmt":"2016-04-17T09:36:54","slug":"blabarstarta-med-choklad-och-hallon-raw-glutenfri-vegan","status":"publish","type":"post","link":"https:\/\/klarafardiga.com\/?p=1464","title":{"rendered":"Bl\u00e5b\u00e4rst\u00e5rta med choklad och hallon &#8211; Raw, glutenfri, vegan"},"content":{"rendered":"<p>Vi har firat f\u00f6delsedag h\u00e4r hemma, testade att g\u00f6ra en bl\u00e5b\u00e4rst\u00e5rta. Det \u00e4r samma recept som jag provat tidigare fast\u00a0d\u00e5 hade jag bara\u00a0hallon. Den h\u00e4r blev lika god. Jag gjorde dubbel sats av receptet. Anv\u00e4nde en form som var 24 cm i diameter denna g\u00e5ng.<a href=\"https:\/\/klarafardiga.com\/wp-content\/uploads\/2016\/03\/IMG_7072.jpg\"><img fetchpriority=\"high\" decoding=\"async\" class=\"alignnone size-full wp-image-1465\" src=\"https:\/\/klarafardiga.com\/wp-content\/uploads\/2016\/03\/IMG_7072.jpg\" alt=\"Bl\u00e5b\u00e4rst\u00e5rta\" width=\"960\" height=\"960\" srcset=\"https:\/\/klarafardiga.com\/wp-content\/uploads\/2016\/03\/IMG_7072.jpg 960w, https:\/\/klarafardiga.com\/wp-content\/uploads\/2016\/03\/IMG_7072-150x150.jpg 150w, https:\/\/klarafardiga.com\/wp-content\/uploads\/2016\/03\/IMG_7072-300x300.jpg 300w\" sizes=\"(max-width: 960px) 100vw, 960px\" \/><\/a><\/p>\n<p><strong>Bl\u00e5b\u00e4rst\u00e5rta med choklad och hallon<\/strong><\/p>\n<p><strong>Botten<\/strong><br \/>\n2 st Frukt och n\u00f6tbars (jag tog Kung Markattas &#8221;Pekan, k\u00f6rsb\u00e4r och granat\u00e4pple&#8221;)<br \/>\n1 msk mandelsm\u00f6r (Kung Markatta)<br \/>\n1-2 urk\u00e4rnade dadlar<br \/>\n1 msk sm\u00e4lt kokosolja (Kung Markatta)<\/p>\n<p>Mixa alltsammans noggrant\u00a0i en mixer, h\u00e4ll allt i en sm\u00f6rpapperskl\u00e4dd springform i storleken 16 cm i diameter,\u00a0formen hittar du h\u00e4r\u00a0i v\u00e5r butik <a href=\"http:\/\/klaraform.se\/bakning\/bakformar-pajformar\/springform-16-cm-diameter\/\" target=\"_blank\">www.klaraform.se<\/a>\u00a0 Pressa\/tryck ut allt s\u00e5 det t\u00e4cker hela botten av formen. St\u00e4ll in formen i frysen.<\/p>\n<p><strong>Topp<\/strong><br \/>\n2,5 dl bl\u00f6tlagda cashewn\u00f6tter (L\u00e5t ligga i bl\u00f6t \u00f6ver natten eller minst 4 timmar)<br \/>\n4 msk citronsaft<br \/>\n2 dl hallon<br \/>\n3\u00a0msk s\u00f6tning (jag anv\u00e4nde agavesirap)<br \/>\n2 msk kokosolja (Kung Markatta)<\/p>\n<p>H\u00e4r kan du sj\u00e4lv v\u00e4lja hur surt eller s\u00f6tt du vill att det ska vara, smaka av med citron och s\u00f6tning tills du blir n\u00f6jd.<br \/>\nMixa allt ordentligt i en kraftfull mixer, ska bli en sl\u00e4t smet, n\u00e4stan fluffig. Vill du ha en h\u00f6g t\u00e5rta dubbla receptet! T\u00e4nk d\u00e5 p\u00e5 att\u00a0sm\u00f6rpapperet runt kanten p\u00e5\u00a0formen ocks\u00e5 ska vara h\u00f6gre.<br \/>\nTa ut den frysta bottnen och h\u00e4ll hallonfyllningen \u00f6ver kakan, st\u00e4ll in allt i frysen igen.<\/p>\n<p><strong>Dekoration<\/strong><br \/>\nDekorera t\u00e5rtan med choklads\u00e5s, hackad\u00a0choklad\u00a0och hallon.<\/p>\n<p><strong>Choklads\u00e5s<\/strong><br \/>\n2 msk kakao<br \/>\n2 msk kokosolja<br \/>\n1 msk agavesirap<\/p>\n<p>Sm\u00e4lt kokosoljan och blanda samman alla ingredienserna, l\u00e5t svalna. Ta ut t\u00e5rtan ur frysen och b\u00f6rja dekorera, f\u00f6rst med hallon, ringla sedan choklads\u00e5sen \u00f6ver kakan, dekorera g\u00e4rna med lite m\u00f6rk hackad choklad ocks\u00e5. En blomma p\u00e5 toppen piffar ocks\u00e5 upp t\u00e5rtan.<\/p>\n<p>Smakar mums!<\/p>\n","protected":false},"excerpt":{"rendered":"<p>Vi har firat f\u00f6delsedag h\u00e4r hemma, testade att g\u00f6ra en bl\u00e5b\u00e4rst\u00e5rta. Det \u00e4r samma recept som jag provat tidigare fast\u00a0d\u00e5 hade jag bara\u00a0hallon. Den h\u00e4r blev lika god. Jag gjorde dubbel sats av receptet. Anv\u00e4nde en form som var 24 cm i diameter denna g\u00e5ng. Bl\u00e5b\u00e4rst\u00e5rta med choklad och hallon Botten 2 st Frukt och n\u00f6tbars (jag tog Kung Markattas &#8221;Pekan, k\u00f6rsb\u00e4r och granat\u00e4pple&#8221;) 1 msk mandelsm\u00f6r (Kung Markatta) 1-2 urk\u00e4rnade dadlar 1 msk sm\u00e4lt kokosolja (Kung Markatta) Mixa alltsammans noggrant\u00a0i en mixer, h\u00e4ll allt i en sm\u00f6rpapperskl\u00e4dd springform i storleken 16 cm i diameter,\u00a0formen hittar du h\u00e4r\u00a0i v\u00e5r butik www.klaraform.se\u00a0 Pressa\/tryck ut allt s\u00e5 det t\u00e4cker hela botten av formen. St\u00e4ll in formen i frysen. Topp 2,5 dl bl\u00f6tlagda cashewn\u00f6tter (L\u00e5t ligga i bl\u00f6t \u00f6ver natten eller minst 4 timmar) 4 msk citronsaft 2 dl hallon 3\u00a0msk s\u00f6tning (jag anv\u00e4nde agavesirap) 2 msk kokosolja (Kung Markatta) H\u00e4r kan du sj\u00e4lv v\u00e4lja hur surt eller s\u00f6tt du vill att det ska vara, smaka av med citron och s\u00f6tning tills du blir n\u00f6jd. Mixa allt ordentligt i en kraftfull mixer, ska bli en sl\u00e4t smet, n\u00e4stan fluffig. Vill du ha en h\u00f6g t\u00e5rta dubbla receptet! T\u00e4nk d\u00e5 p\u00e5 att\u00a0sm\u00f6rpapperet runt kanten p\u00e5\u00a0formen ocks\u00e5 ska vara h\u00f6gre. Ta ut den frysta bottnen och h\u00e4ll hallonfyllningen \u00f6ver kakan, st\u00e4ll in allt i frysen igen. Dekoration Dekorera t\u00e5rtan med choklads\u00e5s, hackad\u00a0choklad\u00a0och hallon. Choklads\u00e5s 2 msk kakao 2 msk kokosolja 1 msk agavesirap Sm\u00e4lt kokosoljan och blanda samman alla ingredienserna, l\u00e5t svalna. Ta ut t\u00e5rtan ur frysen och b\u00f6rja dekorera, f\u00f6rst med hallon, ringla sedan choklads\u00e5sen \u00f6ver kakan, dekorera g\u00e4rna med lite m\u00f6rk hackad choklad ocks\u00e5. En blomma p\u00e5 toppen piffar ocks\u00e5 upp t\u00e5rtan. Smakar mums!<\/p>\n","protected":false},"author":1,"featured_media":0,"comment_status":"open","ping_status":"open","sticky":false,"template":"","format":"standard","meta":{"footnotes":""},"categories":[9,8,15,3],"tags":[],"yoast_head":"<!-- This site is optimized with the Yoast SEO plugin v23.5 - https:\/\/yoast.com\/wordpress\/plugins\/seo\/ -->\n<title>Bl\u00e5b\u00e4rst\u00e5rta med choklad och hallon - Raw, glutenfri, vegan - Baka med KlaraForm<\/title>\n<meta name=\"robots\" content=\"index, follow, max-snippet:-1, max-image-preview:large, max-video-preview:-1\" \/>\n<link rel=\"canonical\" href=\"https:\/\/klarafardiga.com\/?p=1464\" \/>\n<meta property=\"og:locale\" content=\"sv_SE\" \/>\n<meta property=\"og:type\" content=\"article\" \/>\n<meta property=\"og:title\" content=\"Bl\u00e5b\u00e4rst\u00e5rta med choklad och hallon - Raw, glutenfri, vegan - Baka med KlaraForm\" \/>\n<meta property=\"og:description\" content=\"Vi har firat f\u00f6delsedag h\u00e4r hemma, testade att g\u00f6ra en bl\u00e5b\u00e4rst\u00e5rta. Det \u00e4r samma recept som jag provat tidigare fast\u00a0d\u00e5 hade jag bara\u00a0hallon. Den h\u00e4r blev lika god. Jag gjorde dubbel sats av receptet. Anv\u00e4nde en form som var 24 cm i diameter denna g\u00e5ng. Bl\u00e5b\u00e4rst\u00e5rta med choklad och hallon Botten 2 st Frukt och n\u00f6tbars (jag tog Kung Markattas &#8221;Pekan, k\u00f6rsb\u00e4r och granat\u00e4pple&#8221;) 1 msk mandelsm\u00f6r (Kung Markatta) 1-2 urk\u00e4rnade dadlar 1 msk sm\u00e4lt kokosolja (Kung Markatta) Mixa alltsammans noggrant\u00a0i en mixer, h\u00e4ll allt i en sm\u00f6rpapperskl\u00e4dd springform i storleken 16 cm i diameter,\u00a0formen hittar du h\u00e4r\u00a0i v\u00e5r butik www.klaraform.se\u00a0 Pressa\/tryck ut allt s\u00e5 det t\u00e4cker hela botten av formen. St\u00e4ll in formen i frysen. Topp 2,5 dl bl\u00f6tlagda cashewn\u00f6tter (L\u00e5t ligga i bl\u00f6t \u00f6ver natten eller minst 4 timmar) 4 msk citronsaft 2 dl hallon 3\u00a0msk s\u00f6tning (jag anv\u00e4nde agavesirap) 2 msk kokosolja (Kung Markatta) H\u00e4r kan du sj\u00e4lv v\u00e4lja hur surt eller s\u00f6tt du vill att det ska vara, smaka av med citron och s\u00f6tning tills du blir n\u00f6jd. Mixa allt ordentligt i en kraftfull mixer, ska bli en sl\u00e4t smet, n\u00e4stan fluffig. Vill du ha en h\u00f6g t\u00e5rta dubbla receptet! T\u00e4nk d\u00e5 p\u00e5 att\u00a0sm\u00f6rpapperet runt kanten p\u00e5\u00a0formen ocks\u00e5 ska vara h\u00f6gre. Ta ut den frysta bottnen och h\u00e4ll hallonfyllningen \u00f6ver kakan, st\u00e4ll in allt i frysen igen. Dekoration Dekorera t\u00e5rtan med choklads\u00e5s, hackad\u00a0choklad\u00a0och hallon. Choklads\u00e5s 2 msk kakao 2 msk kokosolja 1 msk agavesirap Sm\u00e4lt kokosoljan och blanda samman alla ingredienserna, l\u00e5t svalna. Ta ut t\u00e5rtan ur frysen och b\u00f6rja dekorera, f\u00f6rst med hallon, ringla sedan choklads\u00e5sen \u00f6ver kakan, dekorera g\u00e4rna med lite m\u00f6rk hackad choklad ocks\u00e5. En blomma p\u00e5 toppen piffar ocks\u00e5 upp t\u00e5rtan. Smakar mums!\" \/>\n<meta property=\"og:url\" content=\"https:\/\/klarafardiga.com\/?p=1464\" \/>\n<meta property=\"og:site_name\" content=\"Baka med KlaraForm\" \/>\n<meta property=\"article:published_time\" content=\"2016-03-06T15:06:16+00:00\" \/>\n<meta property=\"article:modified_time\" content=\"2016-04-17T09:36:54+00:00\" \/>\n<meta property=\"og:image\" content=\"http:\/\/klarafardiga.com\/wp-content\/uploads\/2016\/03\/IMG_7072.jpg\" \/>\n<meta name=\"author\" content=\"admin\" \/>\n<meta name=\"twitter:card\" content=\"summary_large_image\" \/>\n<meta name=\"twitter:label1\" content=\"Skriven av\" \/>\n\t<meta name=\"twitter:data1\" content=\"admin\" \/>\n\t<meta name=\"twitter:label2\" content=\"Ber\u00e4knad l\u00e4stid\" \/>\n\t<meta name=\"twitter:data2\" content=\"2 minuter\" \/>\n<script type=\"application\/ld+json\" class=\"yoast-schema-graph\">{\"@context\":\"https:\/\/schema.org\",\"@graph\":[{\"@type\":\"WebPage\",\"@id\":\"https:\/\/klarafardiga.com\/?p=1464\",\"url\":\"https:\/\/klarafardiga.com\/?p=1464\",\"name\":\"Bl\u00e5b\u00e4rst\u00e5rta med choklad och hallon - Raw, glutenfri, vegan - Baka med KlaraForm\",\"isPartOf\":{\"@id\":\"https:\/\/klarafardiga.com\/#website\"},\"primaryImageOfPage\":{\"@id\":\"https:\/\/klarafardiga.com\/?p=1464#primaryimage\"},\"image\":{\"@id\":\"https:\/\/klarafardiga.com\/?p=1464#primaryimage\"},\"thumbnailUrl\":\"http:\/\/klarafardiga.com\/wp-content\/uploads\/2016\/03\/IMG_7072.jpg\",\"datePublished\":\"2016-03-06T15:06:16+00:00\",\"dateModified\":\"2016-04-17T09:36:54+00:00\",\"author\":{\"@id\":\"https:\/\/klarafardiga.com\/#\/schema\/person\/0f54ba1da7c4c21dd7411ed3a8e9f8c0\"},\"breadcrumb\":{\"@id\":\"https:\/\/klarafardiga.com\/?p=1464#breadcrumb\"},\"inLanguage\":\"sv-SE\",\"potentialAction\":[{\"@type\":\"ReadAction\",\"target\":[\"https:\/\/klarafardiga.com\/?p=1464\"]}]},{\"@type\":\"ImageObject\",\"inLanguage\":\"sv-SE\",\"@id\":\"https:\/\/klarafardiga.com\/?p=1464#primaryimage\",\"url\":\"https:\/\/klarafardiga.com\/wp-content\/uploads\/2016\/03\/IMG_7072.jpg\",\"contentUrl\":\"https:\/\/klarafardiga.com\/wp-content\/uploads\/2016\/03\/IMG_7072.jpg\",\"width\":960,\"height\":960},{\"@type\":\"BreadcrumbList\",\"@id\":\"https:\/\/klarafardiga.com\/?p=1464#breadcrumb\",\"itemListElement\":[{\"@type\":\"ListItem\",\"position\":1,\"name\":\"Hem\",\"item\":\"https:\/\/klarafardiga.com\/\"},{\"@type\":\"ListItem\",\"position\":2,\"name\":\"Bl\u00e5b\u00e4rst\u00e5rta med choklad och hallon &#8211; Raw, glutenfri, vegan\"}]},{\"@type\":\"WebSite\",\"@id\":\"https:\/\/klarafardiga.com\/#website\",\"url\":\"https:\/\/klarafardiga.com\/\",\"name\":\"Baka med KlaraForm\",\"description\":\"Recept, tips och nyheter i butiken\",\"potentialAction\":[{\"@type\":\"SearchAction\",\"target\":{\"@type\":\"EntryPoint\",\"urlTemplate\":\"https:\/\/klarafardiga.com\/?s={search_term_string}\"},\"query-input\":{\"@type\":\"PropertyValueSpecification\",\"valueRequired\":true,\"valueName\":\"search_term_string\"}}],\"inLanguage\":\"sv-SE\"},{\"@type\":\"Person\",\"@id\":\"https:\/\/klarafardiga.com\/#\/schema\/person\/0f54ba1da7c4c21dd7411ed3a8e9f8c0\",\"name\":\"admin\",\"image\":{\"@type\":\"ImageObject\",\"inLanguage\":\"sv-SE\",\"@id\":\"https:\/\/klarafardiga.com\/#\/schema\/person\/image\/\",\"url\":\"https:\/\/secure.gravatar.com\/avatar\/356da59eaae0a6e58215761d8e8dabed?s=96&d=mm&r=g\",\"contentUrl\":\"https:\/\/secure.gravatar.com\/avatar\/356da59eaae0a6e58215761d8e8dabed?s=96&d=mm&r=g\",\"caption\":\"admin\"},\"sameAs\":[\"http:\/\/www.klaraform.se\"],\"url\":\"https:\/\/klarafardiga.com\/?author=1\"}]}<\/script>\n<!-- \/ Yoast SEO plugin. -->","yoast_head_json":{"title":"Bl\u00e5b\u00e4rst\u00e5rta med choklad och hallon - Raw, glutenfri, vegan - Baka med KlaraForm","robots":{"index":"index","follow":"follow","max-snippet":"max-snippet:-1","max-image-preview":"max-image-preview:large","max-video-preview":"max-video-preview:-1"},"canonical":"https:\/\/klarafardiga.com\/?p=1464","og_locale":"sv_SE","og_type":"article","og_title":"Bl\u00e5b\u00e4rst\u00e5rta med choklad och hallon - Raw, glutenfri, vegan - Baka med KlaraForm","og_description":"Vi har firat f\u00f6delsedag h\u00e4r hemma, testade att g\u00f6ra en bl\u00e5b\u00e4rst\u00e5rta. Det \u00e4r samma recept som jag provat tidigare fast\u00a0d\u00e5 hade jag bara\u00a0hallon. Den h\u00e4r blev lika god. Jag gjorde dubbel sats av receptet. Anv\u00e4nde en form som var 24 cm i diameter denna g\u00e5ng. Bl\u00e5b\u00e4rst\u00e5rta med choklad och hallon Botten 2 st Frukt och n\u00f6tbars (jag tog Kung Markattas &#8221;Pekan, k\u00f6rsb\u00e4r och granat\u00e4pple&#8221;) 1 msk mandelsm\u00f6r (Kung Markatta) 1-2 urk\u00e4rnade dadlar 1 msk sm\u00e4lt kokosolja (Kung Markatta) Mixa alltsammans noggrant\u00a0i en mixer, h\u00e4ll allt i en sm\u00f6rpapperskl\u00e4dd springform i storleken 16 cm i diameter,\u00a0formen hittar du h\u00e4r\u00a0i v\u00e5r butik www.klaraform.se\u00a0 Pressa\/tryck ut allt s\u00e5 det t\u00e4cker hela botten av formen. St\u00e4ll in formen i frysen. Topp 2,5 dl bl\u00f6tlagda cashewn\u00f6tter (L\u00e5t ligga i bl\u00f6t \u00f6ver natten eller minst 4 timmar) 4 msk citronsaft 2 dl hallon 3\u00a0msk s\u00f6tning (jag anv\u00e4nde agavesirap) 2 msk kokosolja (Kung Markatta) H\u00e4r kan du sj\u00e4lv v\u00e4lja hur surt eller s\u00f6tt du vill att det ska vara, smaka av med citron och s\u00f6tning tills du blir n\u00f6jd. Mixa allt ordentligt i en kraftfull mixer, ska bli en sl\u00e4t smet, n\u00e4stan fluffig. Vill du ha en h\u00f6g t\u00e5rta dubbla receptet! T\u00e4nk d\u00e5 p\u00e5 att\u00a0sm\u00f6rpapperet runt kanten p\u00e5\u00a0formen ocks\u00e5 ska vara h\u00f6gre. Ta ut den frysta bottnen och h\u00e4ll hallonfyllningen \u00f6ver kakan, st\u00e4ll in allt i frysen igen. Dekoration Dekorera t\u00e5rtan med choklads\u00e5s, hackad\u00a0choklad\u00a0och hallon. Choklads\u00e5s 2 msk kakao 2 msk kokosolja 1 msk agavesirap Sm\u00e4lt kokosoljan och blanda samman alla ingredienserna, l\u00e5t svalna. Ta ut t\u00e5rtan ur frysen och b\u00f6rja dekorera, f\u00f6rst med hallon, ringla sedan choklads\u00e5sen \u00f6ver kakan, dekorera g\u00e4rna med lite m\u00f6rk hackad choklad ocks\u00e5. En blomma p\u00e5 toppen piffar ocks\u00e5 upp t\u00e5rtan. Smakar mums!","og_url":"https:\/\/klarafardiga.com\/?p=1464","og_site_name":"Baka med KlaraForm","article_published_time":"2016-03-06T15:06:16+00:00","article_modified_time":"2016-04-17T09:36:54+00:00","og_image":[{"url":"http:\/\/klarafardiga.com\/wp-content\/uploads\/2016\/03\/IMG_7072.jpg"}],"author":"admin","twitter_card":"summary_large_image","twitter_misc":{"Skriven av":"admin","Ber\u00e4knad l\u00e4stid":"2 minuter"},"schema":{"@context":"https:\/\/schema.org","@graph":[{"@type":"WebPage","@id":"https:\/\/klarafardiga.com\/?p=1464","url":"https:\/\/klarafardiga.com\/?p=1464","name":"Bl\u00e5b\u00e4rst\u00e5rta med choklad och hallon - Raw, glutenfri, vegan - Baka med KlaraForm","isPartOf":{"@id":"https:\/\/klarafardiga.com\/#website"},"primaryImageOfPage":{"@id":"https:\/\/klarafardiga.com\/?p=1464#primaryimage"},"image":{"@id":"https:\/\/klarafardiga.com\/?p=1464#primaryimage"},"thumbnailUrl":"http:\/\/klarafardiga.com\/wp-content\/uploads\/2016\/03\/IMG_7072.jpg","datePublished":"2016-03-06T15:06:16+00:00","dateModified":"2016-04-17T09:36:54+00:00","author":{"@id":"https:\/\/klarafardiga.com\/#\/schema\/person\/0f54ba1da7c4c21dd7411ed3a8e9f8c0"},"breadcrumb":{"@id":"https:\/\/klarafardiga.com\/?p=1464#breadcrumb"},"inLanguage":"sv-SE","potentialAction":[{"@type":"ReadAction","target":["https:\/\/klarafardiga.com\/?p=1464"]}]},{"@type":"ImageObject","inLanguage":"sv-SE","@id":"https:\/\/klarafardiga.com\/?p=1464#primaryimage","url":"https:\/\/klarafardiga.com\/wp-content\/uploads\/2016\/03\/IMG_7072.jpg","contentUrl":"https:\/\/klarafardiga.com\/wp-content\/uploads\/2016\/03\/IMG_7072.jpg","width":960,"height":960},{"@type":"BreadcrumbList","@id":"https:\/\/klarafardiga.com\/?p=1464#breadcrumb","itemListElement":[{"@type":"ListItem","position":1,"name":"Hem","item":"https:\/\/klarafardiga.com\/"},{"@type":"ListItem","position":2,"name":"Bl\u00e5b\u00e4rst\u00e5rta med choklad och hallon &#8211; Raw, glutenfri, vegan"}]},{"@type":"WebSite","@id":"https:\/\/klarafardiga.com\/#website","url":"https:\/\/klarafardiga.com\/","name":"Baka med KlaraForm","description":"Recept, tips och nyheter i butiken","potentialAction":[{"@type":"SearchAction","target":{"@type":"EntryPoint","urlTemplate":"https:\/\/klarafardiga.com\/?s={search_term_string}"},"query-input":{"@type":"PropertyValueSpecification","valueRequired":true,"valueName":"search_term_string"}}],"inLanguage":"sv-SE"},{"@type":"Person","@id":"https:\/\/klarafardiga.com\/#\/schema\/person\/0f54ba1da7c4c21dd7411ed3a8e9f8c0","name":"admin","image":{"@type":"ImageObject","inLanguage":"sv-SE","@id":"https:\/\/klarafardiga.com\/#\/schema\/person\/image\/","url":"https:\/\/secure.gravatar.com\/avatar\/356da59eaae0a6e58215761d8e8dabed?s=96&d=mm&r=g","contentUrl":"https:\/\/secure.gravatar.com\/avatar\/356da59eaae0a6e58215761d8e8dabed?s=96&d=mm&r=g","caption":"admin"},"sameAs":["http:\/\/www.klaraform.se"],"url":"https:\/\/klarafardiga.com\/?author=1"}]}},"_links":{"self":[{"href":"https:\/\/klarafardiga.com\/index.php?rest_route=\/wp\/v2\/posts\/1464"}],"collection":[{"href":"https:\/\/klarafardiga.com\/index.php?rest_route=\/wp\/v2\/posts"}],"about":[{"href":"https:\/\/klarafardiga.com\/index.php?rest_route=\/wp\/v2\/types\/post"}],"author":[{"embeddable":true,"href":"https:\/\/klarafardiga.com\/index.php?rest_route=\/wp\/v2\/users\/1"}],"replies":[{"embeddable":true,"href":"https:\/\/klarafardiga.com\/index.php?rest_route=%2Fwp%2Fv2%2Fcomments&post=1464"}],"version-history":[{"count":4,"href":"https:\/\/klarafardiga.com\/index.php?rest_route=\/wp\/v2\/posts\/1464\/revisions"}],"predecessor-version":[{"id":1492,"href":"https:\/\/klarafardiga.com\/index.php?rest_route=\/wp\/v2\/posts\/1464\/revisions\/1492"}],"wp:attachment":[{"href":"https:\/\/klarafardiga.com\/index.php?rest_route=%2Fwp%2Fv2%2Fmedia&parent=1464"}],"wp:term":[{"taxonomy":"category","embeddable":true,"href":"https:\/\/klarafardiga.com\/index.php?rest_route=%2Fwp%2Fv2%2Fcategories&post=1464"},{"taxonomy":"post_tag","embeddable":true,"href":"https:\/\/klarafardiga.com\/index.php?rest_route=%2Fwp%2Fv2%2Ftags&post=1464"}],"curies":[{"name":"wp","href":"https:\/\/api.w.org\/{rel}","templated":true}]}}