{"id":145,"date":"2010-03-08T22:08:00","date_gmt":"2010-03-08T21:08:00","guid":{"rendered":"http:\/\/klarafardiga.com\/?p=145"},"modified":"2010-03-08T22:08:00","modified_gmt":"2010-03-08T21:08:00","slug":"kalasgront","status":"publish","type":"post","link":"https:\/\/klarafardiga.com\/?p=145","title":{"rendered":"Kalasgr\u00f6nt&#8230;"},"content":{"rendered":"<p>I g\u00e5r firade vi v\u00e5r nyblivna \u00e5tta\u00e5ring h\u00e4r hemma tillsammans med familjen. Kalas med kompisarna blir lite senare under mars m\u00e5ndad. Slumpen gjorde att dukningen blev med ett gr\u00f6nt tema. Hittade en pappersduk och t\u00e4nkte att nu ska jag passa p\u00e5 att g\u00f6ra slut p\u00e5 den h\u00e4r rullen n\u00e5gong\u00e5ng. Prickiga servetter hittade vi i j\u00e4tteh\u00f6gen av servetter. T\u00e5rtan blev ocks\u00e5 gr\u00f6n \ud83d\ude42 Ett experiment med bl\u00e5b\u00e4r och chokladbotten och massor av vispgr\u00e4dde. Smakade helt ok. Muffinsen har min kollega p\u00e5 jobbet bakat, de blev \u00f6ver efter helgens flugfiskem\u00e4ssa s\u00e5 jag passade p\u00e5 att k\u00f6pa med mig en hel h\u00f6g \ud83d\ude42 Gissa vem som tipsat henne om de fantastiska &#8221;<a href=\"http:\/\/www.klarafardiga.com\/product.php?id_product=7153\"><strong>retroformarna<\/strong><\/a>&#8221; *fniss*<\/p>\n<div><\/p>\n<div><img decoding=\"async\" style=\"TEXT-ALIGN: center; MARGIN: 0px auto 10px; WIDTH: 400px; DISPLAY: block; HEIGHT: 266px; CURSOR: hand\" id=\"BLOGGER_PHOTO_ID_5446359861380555506\" border=\"0\" alt=\"\" src=\"http:\/\/4.bp.blogspot.com\/_rCm4mArCkLE\/S5VbcBiIovI\/AAAAAAAAB0Y\/kCa14axvsCw\/s400\/8ar_kalas1.jpg\" \/><img decoding=\"async\" style=\"TEXT-ALIGN: center; MARGIN: 0px auto 10px; WIDTH: 400px; DISPLAY: block; HEIGHT: 266px; CURSOR: hand\" id=\"BLOGGER_PHOTO_ID_5446359873171118482\" border=\"0\" alt=\"\" src=\"http:\/\/4.bp.blogspot.com\/_rCm4mArCkLE\/S5VbctdOWZI\/AAAAAAAAB0g\/3Yt5jD7cVds\/s400\/8ar_kalas2.jpg\" \/><img decoding=\"async\" style=\"TEXT-ALIGN: center; MARGIN: 0px auto 10px; WIDTH: 400px; DISPLAY: block; HEIGHT: 266px; CURSOR: hand\" id=\"BLOGGER_PHOTO_ID_5446359869959141826\" border=\"0\" alt=\"\" src=\"http:\/\/1.bp.blogspot.com\/_rCm4mArCkLE\/S5VbchfbecI\/AAAAAAAAB0o\/7rMq9cE1PKw\/s400\/8ar_kalas3.jpg\" \/> Ha en fortsatt h\u00e4rlig vecka!<\/div>\n<div>Kram Helena<\/div>\n<\/div>\n","protected":false},"excerpt":{"rendered":"<p>I g\u00e5r firade vi v\u00e5r nyblivna \u00e5tta\u00e5ring h\u00e4r hemma tillsammans med familjen. Kalas med kompisarna blir lite senare under mars m\u00e5ndad. Slumpen gjorde att dukningen blev med ett gr\u00f6nt tema. Hittade en pappersduk och t\u00e4nkte att nu ska jag passa p\u00e5 att g\u00f6ra slut p\u00e5 den h\u00e4r rullen n\u00e5gong\u00e5ng. Prickiga servetter hittade vi i j\u00e4tteh\u00f6gen av servetter. T\u00e5rtan blev ocks\u00e5 gr\u00f6n \ud83d\ude42 Ett experiment med bl\u00e5b\u00e4r och chokladbotten och massor av vispgr\u00e4dde. Smakade helt ok. Muffinsen har min kollega p\u00e5 jobbet bakat, de blev \u00f6ver efter helgens flugfiskem\u00e4ssa s\u00e5 jag passade p\u00e5 att k\u00f6pa med mig en hel h\u00f6g \ud83d\ude42 Gissa vem som tipsat henne om de fantastiska &#8221;retroformarna&#8221; *fniss* Ha en fortsatt h\u00e4rlig vecka! Kram Helena<\/p>\n","protected":false},"author":1,"featured_media":0,"comment_status":"open","ping_status":"open","sticky":false,"template":"","format":"standard","meta":{"footnotes":""},"categories":[8,4],"tags":[],"yoast_head":"<!-- This site is optimized with the Yoast SEO plugin v23.5 - https:\/\/yoast.com\/wordpress\/plugins\/seo\/ -->\n<title>Kalasgr\u00f6nt... - Baka med KlaraForm<\/title>\n<meta name=\"robots\" content=\"index, follow, max-snippet:-1, max-image-preview:large, max-video-preview:-1\" \/>\n<link rel=\"canonical\" href=\"https:\/\/klarafardiga.com\/?p=145\" \/>\n<meta property=\"og:locale\" content=\"sv_SE\" \/>\n<meta property=\"og:type\" content=\"article\" \/>\n<meta property=\"og:title\" content=\"Kalasgr\u00f6nt... - Baka med KlaraForm\" \/>\n<meta property=\"og:description\" content=\"I g\u00e5r firade vi v\u00e5r nyblivna \u00e5tta\u00e5ring h\u00e4r hemma tillsammans med familjen. Kalas med kompisarna blir lite senare under mars m\u00e5ndad. Slumpen gjorde att dukningen blev med ett gr\u00f6nt tema. Hittade en pappersduk och t\u00e4nkte att nu ska jag passa p\u00e5 att g\u00f6ra slut p\u00e5 den h\u00e4r rullen n\u00e5gong\u00e5ng. Prickiga servetter hittade vi i j\u00e4tteh\u00f6gen av servetter. T\u00e5rtan blev ocks\u00e5 gr\u00f6n \ud83d\ude42 Ett experiment med bl\u00e5b\u00e4r och chokladbotten och massor av vispgr\u00e4dde. Smakade helt ok. Muffinsen har min kollega p\u00e5 jobbet bakat, de blev \u00f6ver efter helgens flugfiskem\u00e4ssa s\u00e5 jag passade p\u00e5 att k\u00f6pa med mig en hel h\u00f6g \ud83d\ude42 Gissa vem som tipsat henne om de fantastiska &#8221;retroformarna&#8221; *fniss* Ha en fortsatt h\u00e4rlig vecka! Kram Helena\" \/>\n<meta property=\"og:url\" content=\"https:\/\/klarafardiga.com\/?p=145\" \/>\n<meta property=\"og:site_name\" content=\"Baka med KlaraForm\" \/>\n<meta property=\"article:published_time\" content=\"2010-03-08T21:08:00+00:00\" \/>\n<meta property=\"og:image\" content=\"http:\/\/4.bp.blogspot.com\/_rCm4mArCkLE\/S5VbcBiIovI\/AAAAAAAAB0Y\/kCa14axvsCw\/s400\/8ar_kalas1.jpg\" \/>\n<meta name=\"author\" content=\"admin\" \/>\n<meta name=\"twitter:card\" content=\"summary_large_image\" \/>\n<meta name=\"twitter:label1\" content=\"Skriven av\" \/>\n\t<meta name=\"twitter:data1\" content=\"admin\" \/>\n\t<meta name=\"twitter:label2\" content=\"Ber\u00e4knad l\u00e4stid\" \/>\n\t<meta name=\"twitter:data2\" content=\"1 minut\" \/>\n<script type=\"application\/ld+json\" class=\"yoast-schema-graph\">{\"@context\":\"https:\/\/schema.org\",\"@graph\":[{\"@type\":\"WebPage\",\"@id\":\"https:\/\/klarafardiga.com\/?p=145\",\"url\":\"https:\/\/klarafardiga.com\/?p=145\",\"name\":\"Kalasgr\u00f6nt... - Baka med KlaraForm\",\"isPartOf\":{\"@id\":\"https:\/\/klarafardiga.com\/#website\"},\"primaryImageOfPage\":{\"@id\":\"https:\/\/klarafardiga.com\/?p=145#primaryimage\"},\"image\":{\"@id\":\"https:\/\/klarafardiga.com\/?p=145#primaryimage\"},\"thumbnailUrl\":\"http:\/\/4.bp.blogspot.com\/_rCm4mArCkLE\/S5VbcBiIovI\/AAAAAAAAB0Y\/kCa14axvsCw\/s400\/8ar_kalas1.jpg\",\"datePublished\":\"2010-03-08T21:08:00+00:00\",\"dateModified\":\"2010-03-08T21:08:00+00:00\",\"author\":{\"@id\":\"https:\/\/klarafardiga.com\/#\/schema\/person\/0f54ba1da7c4c21dd7411ed3a8e9f8c0\"},\"breadcrumb\":{\"@id\":\"https:\/\/klarafardiga.com\/?p=145#breadcrumb\"},\"inLanguage\":\"sv-SE\",\"potentialAction\":[{\"@type\":\"ReadAction\",\"target\":[\"https:\/\/klarafardiga.com\/?p=145\"]}]},{\"@type\":\"ImageObject\",\"inLanguage\":\"sv-SE\",\"@id\":\"https:\/\/klarafardiga.com\/?p=145#primaryimage\",\"url\":\"http:\/\/4.bp.blogspot.com\/_rCm4mArCkLE\/S5VbcBiIovI\/AAAAAAAAB0Y\/kCa14axvsCw\/s400\/8ar_kalas1.jpg\",\"contentUrl\":\"http:\/\/4.bp.blogspot.com\/_rCm4mArCkLE\/S5VbcBiIovI\/AAAAAAAAB0Y\/kCa14axvsCw\/s400\/8ar_kalas1.jpg\"},{\"@type\":\"BreadcrumbList\",\"@id\":\"https:\/\/klarafardiga.com\/?p=145#breadcrumb\",\"itemListElement\":[{\"@type\":\"ListItem\",\"position\":1,\"name\":\"Hem\",\"item\":\"https:\/\/klarafardiga.com\/\"},{\"@type\":\"ListItem\",\"position\":2,\"name\":\"Kalasgr\u00f6nt&#8230;\"}]},{\"@type\":\"WebSite\",\"@id\":\"https:\/\/klarafardiga.com\/#website\",\"url\":\"https:\/\/klarafardiga.com\/\",\"name\":\"Baka med KlaraForm\",\"description\":\"Recept, tips och nyheter i butiken\",\"potentialAction\":[{\"@type\":\"SearchAction\",\"target\":{\"@type\":\"EntryPoint\",\"urlTemplate\":\"https:\/\/klarafardiga.com\/?s={search_term_string}\"},\"query-input\":{\"@type\":\"PropertyValueSpecification\",\"valueRequired\":true,\"valueName\":\"search_term_string\"}}],\"inLanguage\":\"sv-SE\"},{\"@type\":\"Person\",\"@id\":\"https:\/\/klarafardiga.com\/#\/schema\/person\/0f54ba1da7c4c21dd7411ed3a8e9f8c0\",\"name\":\"admin\",\"image\":{\"@type\":\"ImageObject\",\"inLanguage\":\"sv-SE\",\"@id\":\"https:\/\/klarafardiga.com\/#\/schema\/person\/image\/\",\"url\":\"https:\/\/secure.gravatar.com\/avatar\/356da59eaae0a6e58215761d8e8dabed?s=96&d=mm&r=g\",\"contentUrl\":\"https:\/\/secure.gravatar.com\/avatar\/356da59eaae0a6e58215761d8e8dabed?s=96&d=mm&r=g\",\"caption\":\"admin\"},\"sameAs\":[\"http:\/\/www.klaraform.se\"],\"url\":\"https:\/\/klarafardiga.com\/?author=1\"}]}<\/script>\n<!-- \/ Yoast SEO plugin. -->","yoast_head_json":{"title":"Kalasgr\u00f6nt... - Baka med KlaraForm","robots":{"index":"index","follow":"follow","max-snippet":"max-snippet:-1","max-image-preview":"max-image-preview:large","max-video-preview":"max-video-preview:-1"},"canonical":"https:\/\/klarafardiga.com\/?p=145","og_locale":"sv_SE","og_type":"article","og_title":"Kalasgr\u00f6nt... - Baka med KlaraForm","og_description":"I g\u00e5r firade vi v\u00e5r nyblivna \u00e5tta\u00e5ring h\u00e4r hemma tillsammans med familjen. Kalas med kompisarna blir lite senare under mars m\u00e5ndad. Slumpen gjorde att dukningen blev med ett gr\u00f6nt tema. Hittade en pappersduk och t\u00e4nkte att nu ska jag passa p\u00e5 att g\u00f6ra slut p\u00e5 den h\u00e4r rullen n\u00e5gong\u00e5ng. Prickiga servetter hittade vi i j\u00e4tteh\u00f6gen av servetter. T\u00e5rtan blev ocks\u00e5 gr\u00f6n \ud83d\ude42 Ett experiment med bl\u00e5b\u00e4r och chokladbotten och massor av vispgr\u00e4dde. Smakade helt ok. Muffinsen har min kollega p\u00e5 jobbet bakat, de blev \u00f6ver efter helgens flugfiskem\u00e4ssa s\u00e5 jag passade p\u00e5 att k\u00f6pa med mig en hel h\u00f6g \ud83d\ude42 Gissa vem som tipsat henne om de fantastiska &#8221;retroformarna&#8221; *fniss* Ha en fortsatt h\u00e4rlig vecka! Kram Helena","og_url":"https:\/\/klarafardiga.com\/?p=145","og_site_name":"Baka med KlaraForm","article_published_time":"2010-03-08T21:08:00+00:00","og_image":[{"url":"http:\/\/4.bp.blogspot.com\/_rCm4mArCkLE\/S5VbcBiIovI\/AAAAAAAAB0Y\/kCa14axvsCw\/s400\/8ar_kalas1.jpg"}],"author":"admin","twitter_card":"summary_large_image","twitter_misc":{"Skriven av":"admin","Ber\u00e4knad l\u00e4stid":"1 minut"},"schema":{"@context":"https:\/\/schema.org","@graph":[{"@type":"WebPage","@id":"https:\/\/klarafardiga.com\/?p=145","url":"https:\/\/klarafardiga.com\/?p=145","name":"Kalasgr\u00f6nt... - Baka med KlaraForm","isPartOf":{"@id":"https:\/\/klarafardiga.com\/#website"},"primaryImageOfPage":{"@id":"https:\/\/klarafardiga.com\/?p=145#primaryimage"},"image":{"@id":"https:\/\/klarafardiga.com\/?p=145#primaryimage"},"thumbnailUrl":"http:\/\/4.bp.blogspot.com\/_rCm4mArCkLE\/S5VbcBiIovI\/AAAAAAAAB0Y\/kCa14axvsCw\/s400\/8ar_kalas1.jpg","datePublished":"2010-03-08T21:08:00+00:00","dateModified":"2010-03-08T21:08:00+00:00","author":{"@id":"https:\/\/klarafardiga.com\/#\/schema\/person\/0f54ba1da7c4c21dd7411ed3a8e9f8c0"},"breadcrumb":{"@id":"https:\/\/klarafardiga.com\/?p=145#breadcrumb"},"inLanguage":"sv-SE","potentialAction":[{"@type":"ReadAction","target":["https:\/\/klarafardiga.com\/?p=145"]}]},{"@type":"ImageObject","inLanguage":"sv-SE","@id":"https:\/\/klarafardiga.com\/?p=145#primaryimage","url":"http:\/\/4.bp.blogspot.com\/_rCm4mArCkLE\/S5VbcBiIovI\/AAAAAAAAB0Y\/kCa14axvsCw\/s400\/8ar_kalas1.jpg","contentUrl":"http:\/\/4.bp.blogspot.com\/_rCm4mArCkLE\/S5VbcBiIovI\/AAAAAAAAB0Y\/kCa14axvsCw\/s400\/8ar_kalas1.jpg"},{"@type":"BreadcrumbList","@id":"https:\/\/klarafardiga.com\/?p=145#breadcrumb","itemListElement":[{"@type":"ListItem","position":1,"name":"Hem","item":"https:\/\/klarafardiga.com\/"},{"@type":"ListItem","position":2,"name":"Kalasgr\u00f6nt&#8230;"}]},{"@type":"WebSite","@id":"https:\/\/klarafardiga.com\/#website","url":"https:\/\/klarafardiga.com\/","name":"Baka med KlaraForm","description":"Recept, tips och nyheter i butiken","potentialAction":[{"@type":"SearchAction","target":{"@type":"EntryPoint","urlTemplate":"https:\/\/klarafardiga.com\/?s={search_term_string}"},"query-input":{"@type":"PropertyValueSpecification","valueRequired":true,"valueName":"search_term_string"}}],"inLanguage":"sv-SE"},{"@type":"Person","@id":"https:\/\/klarafardiga.com\/#\/schema\/person\/0f54ba1da7c4c21dd7411ed3a8e9f8c0","name":"admin","image":{"@type":"ImageObject","inLanguage":"sv-SE","@id":"https:\/\/klarafardiga.com\/#\/schema\/person\/image\/","url":"https:\/\/secure.gravatar.com\/avatar\/356da59eaae0a6e58215761d8e8dabed?s=96&d=mm&r=g","contentUrl":"https:\/\/secure.gravatar.com\/avatar\/356da59eaae0a6e58215761d8e8dabed?s=96&d=mm&r=g","caption":"admin"},"sameAs":["http:\/\/www.klaraform.se"],"url":"https:\/\/klarafardiga.com\/?author=1"}]}},"_links":{"self":[{"href":"https:\/\/klarafardiga.com\/index.php?rest_route=\/wp\/v2\/posts\/145"}],"collection":[{"href":"https:\/\/klarafardiga.com\/index.php?rest_route=\/wp\/v2\/posts"}],"about":[{"href":"https:\/\/klarafardiga.com\/index.php?rest_route=\/wp\/v2\/types\/post"}],"author":[{"embeddable":true,"href":"https:\/\/klarafardiga.com\/index.php?rest_route=\/wp\/v2\/users\/1"}],"replies":[{"embeddable":true,"href":"https:\/\/klarafardiga.com\/index.php?rest_route=%2Fwp%2Fv2%2Fcomments&post=145"}],"version-history":[{"count":0,"href":"https:\/\/klarafardiga.com\/index.php?rest_route=\/wp\/v2\/posts\/145\/revisions"}],"wp:attachment":[{"href":"https:\/\/klarafardiga.com\/index.php?rest_route=%2Fwp%2Fv2%2Fmedia&parent=145"}],"wp:term":[{"taxonomy":"category","embeddable":true,"href":"https:\/\/klarafardiga.com\/index.php?rest_route=%2Fwp%2Fv2%2Fcategories&post=145"},{"taxonomy":"post_tag","embeddable":true,"href":"https:\/\/klarafardiga.com\/index.php?rest_route=%2Fwp%2Fv2%2Ftags&post=145"}],"curies":[{"name":"wp","href":"https:\/\/api.w.org\/{rel}","templated":true}]}}