{"id":139,"date":"2010-02-13T10:33:00","date_gmt":"2010-02-13T09:33:00","guid":{"rendered":"http:\/\/klarafardiga.com\/?p=139"},"modified":"2010-02-13T10:33:00","modified_gmt":"2010-02-13T09:33:00","slug":"harliga-funderingar","status":"publish","type":"post","link":"https:\/\/klarafardiga.com\/?p=139","title":{"rendered":"H\u00e4rliga funderingar&#8230;"},"content":{"rendered":"<p>\u00c4lskar alla roliga kommentarer och funderingar som barn har. Min 6 \u00e5riga dotter sa i g\u00e5r n\u00e4r jag bl\u00e4ddrade i en dagstidning och hon fick syn p\u00e5 en bild p\u00e5 Gudrun Schyman <em>-Mamma, d\u00e4r \u00e4r hon som har ett stort bl\u00e5m\u00e4rke p\u00e5 benet.<\/em> Ojd\u00e5 t\u00e4nkte jag, sen slog det mig att hon sett n\u00e4r Gudrun dansat p\u00e5 TV:s Let&#8217;s dance. Ha, ha&#8230; vad vissa personer kan bli k\u00e4nda f\u00f6r n\u00e4r de egentligen \u00e4r k\u00e4nda f\u00f6r n\u00e5got helt annat. I morse kom hon med en helt annan kommentar. <em>-Mamma jag tycker livet \u00e4r s\u00e5 tr\u00e5kigt.<\/em> Hj\u00e4lp!! vad har jag gjort nu d\u00e5???? Hon s\u00e4ger: <em>-Jo, jag har fullt upp och passa mina bebisar (dockor) jag vill ju vara med dig och g\u00f6ra lite kul saker.<\/em> Vi kom d\u00e5 \u00f6verens och skaffa barnvakt till alla bebisar *blink* idag.<\/p>\n<p>Ha en h\u00e4rlig dag, vi ska \u00e5ka skidor om temperaturen till\u00e5ter, det \u00e4r 16 minus just nu.<\/p>\n<p>Kram Helena<\/p>\n","protected":false},"excerpt":{"rendered":"<p>\u00c4lskar alla roliga kommentarer och funderingar som barn har. Min 6 \u00e5riga dotter sa i g\u00e5r n\u00e4r jag bl\u00e4ddrade i en dagstidning och hon fick syn p\u00e5 en bild p\u00e5 Gudrun Schyman -Mamma, d\u00e4r \u00e4r hon som har ett stort bl\u00e5m\u00e4rke p\u00e5 benet. Ojd\u00e5 t\u00e4nkte jag, sen slog det mig att hon sett n\u00e4r Gudrun dansat p\u00e5 TV:s Let&#8217;s dance. Ha, ha&#8230; vad vissa personer kan bli k\u00e4nda f\u00f6r n\u00e4r de egentligen \u00e4r k\u00e4nda f\u00f6r n\u00e5got helt annat. I morse kom hon med en helt annan kommentar. -Mamma jag tycker livet \u00e4r s\u00e5 tr\u00e5kigt. Hj\u00e4lp!! vad har jag gjort nu d\u00e5???? Hon s\u00e4ger: -Jo, jag har fullt upp och passa mina bebisar (dockor) jag vill ju vara med dig och g\u00f6ra lite kul saker. Vi kom d\u00e5 \u00f6verens och skaffa barnvakt till alla bebisar *blink* idag. Ha en h\u00e4rlig dag, vi ska \u00e5ka skidor om temperaturen till\u00e5ter, det \u00e4r 16 minus just nu. Kram Helena<\/p>\n","protected":false},"author":1,"featured_media":0,"comment_status":"open","ping_status":"open","sticky":false,"template":"","format":"standard","meta":{"footnotes":""},"categories":[4],"tags":[],"yoast_head":"<!-- This site is optimized with the Yoast SEO plugin v23.5 - https:\/\/yoast.com\/wordpress\/plugins\/seo\/ -->\n<title>H\u00e4rliga funderingar... - Baka med KlaraForm<\/title>\n<meta name=\"robots\" content=\"index, follow, max-snippet:-1, max-image-preview:large, max-video-preview:-1\" \/>\n<link rel=\"canonical\" href=\"https:\/\/klarafardiga.com\/?p=139\" \/>\n<meta property=\"og:locale\" content=\"sv_SE\" \/>\n<meta property=\"og:type\" content=\"article\" \/>\n<meta property=\"og:title\" content=\"H\u00e4rliga funderingar... - Baka med KlaraForm\" \/>\n<meta property=\"og:description\" content=\"\u00c4lskar alla roliga kommentarer och funderingar som barn har. Min 6 \u00e5riga dotter sa i g\u00e5r n\u00e4r jag bl\u00e4ddrade i en dagstidning och hon fick syn p\u00e5 en bild p\u00e5 Gudrun Schyman -Mamma, d\u00e4r \u00e4r hon som har ett stort bl\u00e5m\u00e4rke p\u00e5 benet. Ojd\u00e5 t\u00e4nkte jag, sen slog det mig att hon sett n\u00e4r Gudrun dansat p\u00e5 TV:s Let&#8217;s dance. Ha, ha&#8230; vad vissa personer kan bli k\u00e4nda f\u00f6r n\u00e4r de egentligen \u00e4r k\u00e4nda f\u00f6r n\u00e5got helt annat. I morse kom hon med en helt annan kommentar. -Mamma jag tycker livet \u00e4r s\u00e5 tr\u00e5kigt. Hj\u00e4lp!! vad har jag gjort nu d\u00e5???? Hon s\u00e4ger: -Jo, jag har fullt upp och passa mina bebisar (dockor) jag vill ju vara med dig och g\u00f6ra lite kul saker. Vi kom d\u00e5 \u00f6verens och skaffa barnvakt till alla bebisar *blink* idag. Ha en h\u00e4rlig dag, vi ska \u00e5ka skidor om temperaturen till\u00e5ter, det \u00e4r 16 minus just nu. Kram Helena\" \/>\n<meta property=\"og:url\" content=\"https:\/\/klarafardiga.com\/?p=139\" \/>\n<meta property=\"og:site_name\" content=\"Baka med KlaraForm\" \/>\n<meta property=\"article:published_time\" content=\"2010-02-13T09:33:00+00:00\" \/>\n<meta name=\"author\" content=\"admin\" \/>\n<meta name=\"twitter:card\" content=\"summary_large_image\" \/>\n<meta name=\"twitter:label1\" content=\"Skriven av\" \/>\n\t<meta name=\"twitter:data1\" content=\"admin\" \/>\n\t<meta name=\"twitter:label2\" content=\"Ber\u00e4knad l\u00e4stid\" \/>\n\t<meta name=\"twitter:data2\" content=\"1 minut\" \/>\n<script type=\"application\/ld+json\" class=\"yoast-schema-graph\">{\"@context\":\"https:\/\/schema.org\",\"@graph\":[{\"@type\":\"WebPage\",\"@id\":\"https:\/\/klarafardiga.com\/?p=139\",\"url\":\"https:\/\/klarafardiga.com\/?p=139\",\"name\":\"H\u00e4rliga funderingar... - Baka med KlaraForm\",\"isPartOf\":{\"@id\":\"https:\/\/klarafardiga.com\/#website\"},\"datePublished\":\"2010-02-13T09:33:00+00:00\",\"dateModified\":\"2010-02-13T09:33:00+00:00\",\"author\":{\"@id\":\"https:\/\/klarafardiga.com\/#\/schema\/person\/0f54ba1da7c4c21dd7411ed3a8e9f8c0\"},\"breadcrumb\":{\"@id\":\"https:\/\/klarafardiga.com\/?p=139#breadcrumb\"},\"inLanguage\":\"sv-SE\",\"potentialAction\":[{\"@type\":\"ReadAction\",\"target\":[\"https:\/\/klarafardiga.com\/?p=139\"]}]},{\"@type\":\"BreadcrumbList\",\"@id\":\"https:\/\/klarafardiga.com\/?p=139#breadcrumb\",\"itemListElement\":[{\"@type\":\"ListItem\",\"position\":1,\"name\":\"Hem\",\"item\":\"https:\/\/klarafardiga.com\/\"},{\"@type\":\"ListItem\",\"position\":2,\"name\":\"H\u00e4rliga funderingar&#8230;\"}]},{\"@type\":\"WebSite\",\"@id\":\"https:\/\/klarafardiga.com\/#website\",\"url\":\"https:\/\/klarafardiga.com\/\",\"name\":\"Baka med KlaraForm\",\"description\":\"Recept, tips och nyheter i butiken\",\"potentialAction\":[{\"@type\":\"SearchAction\",\"target\":{\"@type\":\"EntryPoint\",\"urlTemplate\":\"https:\/\/klarafardiga.com\/?s={search_term_string}\"},\"query-input\":{\"@type\":\"PropertyValueSpecification\",\"valueRequired\":true,\"valueName\":\"search_term_string\"}}],\"inLanguage\":\"sv-SE\"},{\"@type\":\"Person\",\"@id\":\"https:\/\/klarafardiga.com\/#\/schema\/person\/0f54ba1da7c4c21dd7411ed3a8e9f8c0\",\"name\":\"admin\",\"image\":{\"@type\":\"ImageObject\",\"inLanguage\":\"sv-SE\",\"@id\":\"https:\/\/klarafardiga.com\/#\/schema\/person\/image\/\",\"url\":\"https:\/\/secure.gravatar.com\/avatar\/356da59eaae0a6e58215761d8e8dabed?s=96&d=mm&r=g\",\"contentUrl\":\"https:\/\/secure.gravatar.com\/avatar\/356da59eaae0a6e58215761d8e8dabed?s=96&d=mm&r=g\",\"caption\":\"admin\"},\"sameAs\":[\"http:\/\/www.klaraform.se\"],\"url\":\"https:\/\/klarafardiga.com\/?author=1\"}]}<\/script>\n<!-- \/ Yoast SEO plugin. -->","yoast_head_json":{"title":"H\u00e4rliga funderingar... - Baka med KlaraForm","robots":{"index":"index","follow":"follow","max-snippet":"max-snippet:-1","max-image-preview":"max-image-preview:large","max-video-preview":"max-video-preview:-1"},"canonical":"https:\/\/klarafardiga.com\/?p=139","og_locale":"sv_SE","og_type":"article","og_title":"H\u00e4rliga funderingar... - Baka med KlaraForm","og_description":"\u00c4lskar alla roliga kommentarer och funderingar som barn har. Min 6 \u00e5riga dotter sa i g\u00e5r n\u00e4r jag bl\u00e4ddrade i en dagstidning och hon fick syn p\u00e5 en bild p\u00e5 Gudrun Schyman -Mamma, d\u00e4r \u00e4r hon som har ett stort bl\u00e5m\u00e4rke p\u00e5 benet. Ojd\u00e5 t\u00e4nkte jag, sen slog det mig att hon sett n\u00e4r Gudrun dansat p\u00e5 TV:s Let&#8217;s dance. Ha, ha&#8230; vad vissa personer kan bli k\u00e4nda f\u00f6r n\u00e4r de egentligen \u00e4r k\u00e4nda f\u00f6r n\u00e5got helt annat. I morse kom hon med en helt annan kommentar. -Mamma jag tycker livet \u00e4r s\u00e5 tr\u00e5kigt. Hj\u00e4lp!! vad har jag gjort nu d\u00e5???? Hon s\u00e4ger: -Jo, jag har fullt upp och passa mina bebisar (dockor) jag vill ju vara med dig och g\u00f6ra lite kul saker. Vi kom d\u00e5 \u00f6verens och skaffa barnvakt till alla bebisar *blink* idag. Ha en h\u00e4rlig dag, vi ska \u00e5ka skidor om temperaturen till\u00e5ter, det \u00e4r 16 minus just nu. Kram Helena","og_url":"https:\/\/klarafardiga.com\/?p=139","og_site_name":"Baka med KlaraForm","article_published_time":"2010-02-13T09:33:00+00:00","author":"admin","twitter_card":"summary_large_image","twitter_misc":{"Skriven av":"admin","Ber\u00e4knad l\u00e4stid":"1 minut"},"schema":{"@context":"https:\/\/schema.org","@graph":[{"@type":"WebPage","@id":"https:\/\/klarafardiga.com\/?p=139","url":"https:\/\/klarafardiga.com\/?p=139","name":"H\u00e4rliga funderingar... - Baka med KlaraForm","isPartOf":{"@id":"https:\/\/klarafardiga.com\/#website"},"datePublished":"2010-02-13T09:33:00+00:00","dateModified":"2010-02-13T09:33:00+00:00","author":{"@id":"https:\/\/klarafardiga.com\/#\/schema\/person\/0f54ba1da7c4c21dd7411ed3a8e9f8c0"},"breadcrumb":{"@id":"https:\/\/klarafardiga.com\/?p=139#breadcrumb"},"inLanguage":"sv-SE","potentialAction":[{"@type":"ReadAction","target":["https:\/\/klarafardiga.com\/?p=139"]}]},{"@type":"BreadcrumbList","@id":"https:\/\/klarafardiga.com\/?p=139#breadcrumb","itemListElement":[{"@type":"ListItem","position":1,"name":"Hem","item":"https:\/\/klarafardiga.com\/"},{"@type":"ListItem","position":2,"name":"H\u00e4rliga funderingar&#8230;"}]},{"@type":"WebSite","@id":"https:\/\/klarafardiga.com\/#website","url":"https:\/\/klarafardiga.com\/","name":"Baka med KlaraForm","description":"Recept, tips och nyheter i butiken","potentialAction":[{"@type":"SearchAction","target":{"@type":"EntryPoint","urlTemplate":"https:\/\/klarafardiga.com\/?s={search_term_string}"},"query-input":{"@type":"PropertyValueSpecification","valueRequired":true,"valueName":"search_term_string"}}],"inLanguage":"sv-SE"},{"@type":"Person","@id":"https:\/\/klarafardiga.com\/#\/schema\/person\/0f54ba1da7c4c21dd7411ed3a8e9f8c0","name":"admin","image":{"@type":"ImageObject","inLanguage":"sv-SE","@id":"https:\/\/klarafardiga.com\/#\/schema\/person\/image\/","url":"https:\/\/secure.gravatar.com\/avatar\/356da59eaae0a6e58215761d8e8dabed?s=96&d=mm&r=g","contentUrl":"https:\/\/secure.gravatar.com\/avatar\/356da59eaae0a6e58215761d8e8dabed?s=96&d=mm&r=g","caption":"admin"},"sameAs":["http:\/\/www.klaraform.se"],"url":"https:\/\/klarafardiga.com\/?author=1"}]}},"_links":{"self":[{"href":"https:\/\/klarafardiga.com\/index.php?rest_route=\/wp\/v2\/posts\/139"}],"collection":[{"href":"https:\/\/klarafardiga.com\/index.php?rest_route=\/wp\/v2\/posts"}],"about":[{"href":"https:\/\/klarafardiga.com\/index.php?rest_route=\/wp\/v2\/types\/post"}],"author":[{"embeddable":true,"href":"https:\/\/klarafardiga.com\/index.php?rest_route=\/wp\/v2\/users\/1"}],"replies":[{"embeddable":true,"href":"https:\/\/klarafardiga.com\/index.php?rest_route=%2Fwp%2Fv2%2Fcomments&post=139"}],"version-history":[{"count":0,"href":"https:\/\/klarafardiga.com\/index.php?rest_route=\/wp\/v2\/posts\/139\/revisions"}],"wp:attachment":[{"href":"https:\/\/klarafardiga.com\/index.php?rest_route=%2Fwp%2Fv2%2Fmedia&parent=139"}],"wp:term":[{"taxonomy":"category","embeddable":true,"href":"https:\/\/klarafardiga.com\/index.php?rest_route=%2Fwp%2Fv2%2Fcategories&post=139"},{"taxonomy":"post_tag","embeddable":true,"href":"https:\/\/klarafardiga.com\/index.php?rest_route=%2Fwp%2Fv2%2Ftags&post=139"}],"curies":[{"name":"wp","href":"https:\/\/api.w.org\/{rel}","templated":true}]}}