{"id":137,"date":"2010-02-07T22:42:00","date_gmt":"2010-02-07T21:42:00","guid":{"rendered":"http:\/\/klarafardiga.com\/?p=137"},"modified":"2010-02-07T22:42:00","modified_gmt":"2010-02-07T21:42:00","slug":"vispgradde","status":"publish","type":"post","link":"https:\/\/klarafardiga.com\/?p=137","title":{"rendered":"Vispgr\u00e4dde&#8230;"},"content":{"rendered":"<p>&#8230;tycker jag det ser ut som \ud83d\ude42 H\u00e4rlig vit sn\u00f6 och solen som skiner, kan det bli b\u00e4ttre en februaridag som denna?? Visst l\u00e4ngtar jag till sommaren men detta \u00e4r helt ok tycker jag.<\/p>\n<p><a href=\"http:\/\/4.bp.blogspot.com\/_rCm4mArCkLE\/S28riHZS-cI\/AAAAAAAAByQ\/r96p-3nDsck\/s1600-h\/vinterbild_feb_2010.jpg\"><img decoding=\"async\" style=\"TEXT-ALIGN: center; MARGIN: 0px auto 10px; WIDTH: 400px; DISPLAY: block; HEIGHT: 288px; CURSOR: hand\" id=\"BLOGGER_PHOTO_ID_5435611140360174018\" border=\"0\" alt=\"\" src=\"http:\/\/4.bp.blogspot.com\/_rCm4mArCkLE\/S28riHZS-cI\/AAAAAAAAByQ\/r96p-3nDsck\/s400\/vinterbild_feb_2010.jpg\" \/><\/a><\/p>\n<div><a href=\"http:\/\/3.bp.blogspot.com\/_rCm4mArCkLE\/S28rRgvrREI\/AAAAAAAAByI\/yD8_jd4c41I\/s1600-h\/vinterbild_feb_2010.jpg\"><\/a>Ha en riktigt bra vecka!<\/div>\n<div>Kram Helena<\/div>\n","protected":false},"excerpt":{"rendered":"<p>&#8230;tycker jag det ser ut som \ud83d\ude42 H\u00e4rlig vit sn\u00f6 och solen som skiner, kan det bli b\u00e4ttre en februaridag som denna?? Visst l\u00e4ngtar jag till sommaren men detta \u00e4r helt ok tycker jag. Ha en riktigt bra vecka! Kram Helena<\/p>\n","protected":false},"author":1,"featured_media":0,"comment_status":"open","ping_status":"open","sticky":false,"template":"","format":"standard","meta":{"footnotes":""},"categories":[4],"tags":[],"yoast_head":"<!-- This site is optimized with the Yoast SEO plugin v23.5 - https:\/\/yoast.com\/wordpress\/plugins\/seo\/ -->\n<title>Vispgr\u00e4dde... - Baka med KlaraForm<\/title>\n<meta name=\"robots\" content=\"index, follow, max-snippet:-1, max-image-preview:large, max-video-preview:-1\" \/>\n<link rel=\"canonical\" href=\"https:\/\/klarafardiga.com\/?p=137\" \/>\n<meta property=\"og:locale\" content=\"sv_SE\" \/>\n<meta property=\"og:type\" content=\"article\" \/>\n<meta property=\"og:title\" content=\"Vispgr\u00e4dde... - Baka med KlaraForm\" \/>\n<meta property=\"og:description\" content=\"&#8230;tycker jag det ser ut som \ud83d\ude42 H\u00e4rlig vit sn\u00f6 och solen som skiner, kan det bli b\u00e4ttre en februaridag som denna?? Visst l\u00e4ngtar jag till sommaren men detta \u00e4r helt ok tycker jag. Ha en riktigt bra vecka! Kram Helena\" \/>\n<meta property=\"og:url\" content=\"https:\/\/klarafardiga.com\/?p=137\" \/>\n<meta property=\"og:site_name\" content=\"Baka med KlaraForm\" \/>\n<meta property=\"article:published_time\" content=\"2010-02-07T21:42:00+00:00\" \/>\n<meta property=\"og:image\" content=\"http:\/\/4.bp.blogspot.com\/_rCm4mArCkLE\/S28riHZS-cI\/AAAAAAAAByQ\/r96p-3nDsck\/s400\/vinterbild_feb_2010.jpg\" \/>\n<meta name=\"author\" content=\"admin\" \/>\n<meta name=\"twitter:card\" content=\"summary_large_image\" \/>\n<meta name=\"twitter:label1\" content=\"Skriven av\" \/>\n\t<meta name=\"twitter:data1\" content=\"admin\" \/>\n<script type=\"application\/ld+json\" class=\"yoast-schema-graph\">{\"@context\":\"https:\/\/schema.org\",\"@graph\":[{\"@type\":\"WebPage\",\"@id\":\"https:\/\/klarafardiga.com\/?p=137\",\"url\":\"https:\/\/klarafardiga.com\/?p=137\",\"name\":\"Vispgr\u00e4dde... - Baka med KlaraForm\",\"isPartOf\":{\"@id\":\"https:\/\/klarafardiga.com\/#website\"},\"primaryImageOfPage\":{\"@id\":\"https:\/\/klarafardiga.com\/?p=137#primaryimage\"},\"image\":{\"@id\":\"https:\/\/klarafardiga.com\/?p=137#primaryimage\"},\"thumbnailUrl\":\"http:\/\/4.bp.blogspot.com\/_rCm4mArCkLE\/S28riHZS-cI\/AAAAAAAAByQ\/r96p-3nDsck\/s400\/vinterbild_feb_2010.jpg\",\"datePublished\":\"2010-02-07T21:42:00+00:00\",\"dateModified\":\"2010-02-07T21:42:00+00:00\",\"author\":{\"@id\":\"https:\/\/klarafardiga.com\/#\/schema\/person\/0f54ba1da7c4c21dd7411ed3a8e9f8c0\"},\"breadcrumb\":{\"@id\":\"https:\/\/klarafardiga.com\/?p=137#breadcrumb\"},\"inLanguage\":\"sv-SE\",\"potentialAction\":[{\"@type\":\"ReadAction\",\"target\":[\"https:\/\/klarafardiga.com\/?p=137\"]}]},{\"@type\":\"ImageObject\",\"inLanguage\":\"sv-SE\",\"@id\":\"https:\/\/klarafardiga.com\/?p=137#primaryimage\",\"url\":\"http:\/\/4.bp.blogspot.com\/_rCm4mArCkLE\/S28riHZS-cI\/AAAAAAAAByQ\/r96p-3nDsck\/s400\/vinterbild_feb_2010.jpg\",\"contentUrl\":\"http:\/\/4.bp.blogspot.com\/_rCm4mArCkLE\/S28riHZS-cI\/AAAAAAAAByQ\/r96p-3nDsck\/s400\/vinterbild_feb_2010.jpg\"},{\"@type\":\"BreadcrumbList\",\"@id\":\"https:\/\/klarafardiga.com\/?p=137#breadcrumb\",\"itemListElement\":[{\"@type\":\"ListItem\",\"position\":1,\"name\":\"Hem\",\"item\":\"https:\/\/klarafardiga.com\/\"},{\"@type\":\"ListItem\",\"position\":2,\"name\":\"Vispgr\u00e4dde&#8230;\"}]},{\"@type\":\"WebSite\",\"@id\":\"https:\/\/klarafardiga.com\/#website\",\"url\":\"https:\/\/klarafardiga.com\/\",\"name\":\"Baka med KlaraForm\",\"description\":\"Recept, tips och nyheter i butiken\",\"potentialAction\":[{\"@type\":\"SearchAction\",\"target\":{\"@type\":\"EntryPoint\",\"urlTemplate\":\"https:\/\/klarafardiga.com\/?s={search_term_string}\"},\"query-input\":{\"@type\":\"PropertyValueSpecification\",\"valueRequired\":true,\"valueName\":\"search_term_string\"}}],\"inLanguage\":\"sv-SE\"},{\"@type\":\"Person\",\"@id\":\"https:\/\/klarafardiga.com\/#\/schema\/person\/0f54ba1da7c4c21dd7411ed3a8e9f8c0\",\"name\":\"admin\",\"image\":{\"@type\":\"ImageObject\",\"inLanguage\":\"sv-SE\",\"@id\":\"https:\/\/klarafardiga.com\/#\/schema\/person\/image\/\",\"url\":\"https:\/\/secure.gravatar.com\/avatar\/356da59eaae0a6e58215761d8e8dabed?s=96&d=mm&r=g\",\"contentUrl\":\"https:\/\/secure.gravatar.com\/avatar\/356da59eaae0a6e58215761d8e8dabed?s=96&d=mm&r=g\",\"caption\":\"admin\"},\"sameAs\":[\"http:\/\/www.klaraform.se\"],\"url\":\"https:\/\/klarafardiga.com\/?author=1\"}]}<\/script>\n<!-- \/ Yoast SEO plugin. -->","yoast_head_json":{"title":"Vispgr\u00e4dde... - Baka med KlaraForm","robots":{"index":"index","follow":"follow","max-snippet":"max-snippet:-1","max-image-preview":"max-image-preview:large","max-video-preview":"max-video-preview:-1"},"canonical":"https:\/\/klarafardiga.com\/?p=137","og_locale":"sv_SE","og_type":"article","og_title":"Vispgr\u00e4dde... - Baka med KlaraForm","og_description":"&#8230;tycker jag det ser ut som \ud83d\ude42 H\u00e4rlig vit sn\u00f6 och solen som skiner, kan det bli b\u00e4ttre en februaridag som denna?? Visst l\u00e4ngtar jag till sommaren men detta \u00e4r helt ok tycker jag. Ha en riktigt bra vecka! Kram Helena","og_url":"https:\/\/klarafardiga.com\/?p=137","og_site_name":"Baka med KlaraForm","article_published_time":"2010-02-07T21:42:00+00:00","og_image":[{"url":"http:\/\/4.bp.blogspot.com\/_rCm4mArCkLE\/S28riHZS-cI\/AAAAAAAAByQ\/r96p-3nDsck\/s400\/vinterbild_feb_2010.jpg"}],"author":"admin","twitter_card":"summary_large_image","twitter_misc":{"Skriven av":"admin"},"schema":{"@context":"https:\/\/schema.org","@graph":[{"@type":"WebPage","@id":"https:\/\/klarafardiga.com\/?p=137","url":"https:\/\/klarafardiga.com\/?p=137","name":"Vispgr\u00e4dde... - Baka med KlaraForm","isPartOf":{"@id":"https:\/\/klarafardiga.com\/#website"},"primaryImageOfPage":{"@id":"https:\/\/klarafardiga.com\/?p=137#primaryimage"},"image":{"@id":"https:\/\/klarafardiga.com\/?p=137#primaryimage"},"thumbnailUrl":"http:\/\/4.bp.blogspot.com\/_rCm4mArCkLE\/S28riHZS-cI\/AAAAAAAAByQ\/r96p-3nDsck\/s400\/vinterbild_feb_2010.jpg","datePublished":"2010-02-07T21:42:00+00:00","dateModified":"2010-02-07T21:42:00+00:00","author":{"@id":"https:\/\/klarafardiga.com\/#\/schema\/person\/0f54ba1da7c4c21dd7411ed3a8e9f8c0"},"breadcrumb":{"@id":"https:\/\/klarafardiga.com\/?p=137#breadcrumb"},"inLanguage":"sv-SE","potentialAction":[{"@type":"ReadAction","target":["https:\/\/klarafardiga.com\/?p=137"]}]},{"@type":"ImageObject","inLanguage":"sv-SE","@id":"https:\/\/klarafardiga.com\/?p=137#primaryimage","url":"http:\/\/4.bp.blogspot.com\/_rCm4mArCkLE\/S28riHZS-cI\/AAAAAAAAByQ\/r96p-3nDsck\/s400\/vinterbild_feb_2010.jpg","contentUrl":"http:\/\/4.bp.blogspot.com\/_rCm4mArCkLE\/S28riHZS-cI\/AAAAAAAAByQ\/r96p-3nDsck\/s400\/vinterbild_feb_2010.jpg"},{"@type":"BreadcrumbList","@id":"https:\/\/klarafardiga.com\/?p=137#breadcrumb","itemListElement":[{"@type":"ListItem","position":1,"name":"Hem","item":"https:\/\/klarafardiga.com\/"},{"@type":"ListItem","position":2,"name":"Vispgr\u00e4dde&#8230;"}]},{"@type":"WebSite","@id":"https:\/\/klarafardiga.com\/#website","url":"https:\/\/klarafardiga.com\/","name":"Baka med KlaraForm","description":"Recept, tips och nyheter i butiken","potentialAction":[{"@type":"SearchAction","target":{"@type":"EntryPoint","urlTemplate":"https:\/\/klarafardiga.com\/?s={search_term_string}"},"query-input":{"@type":"PropertyValueSpecification","valueRequired":true,"valueName":"search_term_string"}}],"inLanguage":"sv-SE"},{"@type":"Person","@id":"https:\/\/klarafardiga.com\/#\/schema\/person\/0f54ba1da7c4c21dd7411ed3a8e9f8c0","name":"admin","image":{"@type":"ImageObject","inLanguage":"sv-SE","@id":"https:\/\/klarafardiga.com\/#\/schema\/person\/image\/","url":"https:\/\/secure.gravatar.com\/avatar\/356da59eaae0a6e58215761d8e8dabed?s=96&d=mm&r=g","contentUrl":"https:\/\/secure.gravatar.com\/avatar\/356da59eaae0a6e58215761d8e8dabed?s=96&d=mm&r=g","caption":"admin"},"sameAs":["http:\/\/www.klaraform.se"],"url":"https:\/\/klarafardiga.com\/?author=1"}]}},"_links":{"self":[{"href":"https:\/\/klarafardiga.com\/index.php?rest_route=\/wp\/v2\/posts\/137"}],"collection":[{"href":"https:\/\/klarafardiga.com\/index.php?rest_route=\/wp\/v2\/posts"}],"about":[{"href":"https:\/\/klarafardiga.com\/index.php?rest_route=\/wp\/v2\/types\/post"}],"author":[{"embeddable":true,"href":"https:\/\/klarafardiga.com\/index.php?rest_route=\/wp\/v2\/users\/1"}],"replies":[{"embeddable":true,"href":"https:\/\/klarafardiga.com\/index.php?rest_route=%2Fwp%2Fv2%2Fcomments&post=137"}],"version-history":[{"count":0,"href":"https:\/\/klarafardiga.com\/index.php?rest_route=\/wp\/v2\/posts\/137\/revisions"}],"wp:attachment":[{"href":"https:\/\/klarafardiga.com\/index.php?rest_route=%2Fwp%2Fv2%2Fmedia&parent=137"}],"wp:term":[{"taxonomy":"category","embeddable":true,"href":"https:\/\/klarafardiga.com\/index.php?rest_route=%2Fwp%2Fv2%2Fcategories&post=137"},{"taxonomy":"post_tag","embeddable":true,"href":"https:\/\/klarafardiga.com\/index.php?rest_route=%2Fwp%2Fv2%2Ftags&post=137"}],"curies":[{"name":"wp","href":"https:\/\/api.w.org\/{rel}","templated":true}]}}