{"id":134,"date":"2010-01-26T23:55:00","date_gmt":"2010-01-26T22:55:00","guid":{"rendered":"http:\/\/klarafardiga.com\/?p=134"},"modified":"2010-01-26T23:55:00","modified_gmt":"2010-01-26T22:55:00","slug":"kanelbullar","status":"publish","type":"post","link":"https:\/\/klarafardiga.com\/?p=134","title":{"rendered":"Kanelbullar"},"content":{"rendered":"<p>Vi har kalasat p\u00e5 kanelbullar med mj\u00f6lk idag. Mums&#8230;. Det var barnens farmor som bakat kanelbullar i &#8221;mina&#8221; <a href=\"http:\/\/www.klarafardiga.com\/\"><strong>prickiga formar<\/strong> <\/a>och jag m\u00e5ste s\u00e4ga att formarna h\u00f6ll b\u00e5de f\u00e4rg och form riktigt bra till detta \u00e4ndam\u00e5l. Tur att barnen har en farmor som \u00e4lskar att baka, det \u00e4r j\u00e4ttel\u00e4tt att hitta b\u00e5de julklappar och f\u00f6delsedagspresenter till henne *fniss*<\/p>\n<p><a href=\"http:\/\/4.bp.blogspot.com\/_rCm4mArCkLE\/S19lYGESPhI\/AAAAAAAABww\/no7ny47Kw58\/s1600-h\/bullar1.jpg\"><img decoding=\"async\" style=\"TEXT-ALIGN: center; MARGIN: 0px auto 10px; WIDTH: 400px; DISPLAY: block; HEIGHT: 266px; CURSOR: hand\" id=\"BLOGGER_PHOTO_ID_5431171140251958802\" border=\"0\" alt=\"\" src=\"http:\/\/4.bp.blogspot.com\/_rCm4mArCkLE\/S19lYGESPhI\/AAAAAAAABww\/no7ny47Kw58\/s400\/bullar1.jpg\" \/><\/a> Ha en fortsatt bra vecka! ska bli 1-2 decimeter sn\u00f6 i morgon s\u00e4ger dom&#8230;.<br \/>Kram Helena<\/p>\n<div><\/div>\n","protected":false},"excerpt":{"rendered":"<p>Vi har kalasat p\u00e5 kanelbullar med mj\u00f6lk idag. Mums&#8230;. Det var barnens farmor som bakat kanelbullar i &#8221;mina&#8221; prickiga formar och jag m\u00e5ste s\u00e4ga att formarna h\u00f6ll b\u00e5de f\u00e4rg och form riktigt bra till detta \u00e4ndam\u00e5l. Tur att barnen har en farmor som \u00e4lskar att baka, det \u00e4r j\u00e4ttel\u00e4tt att hitta b\u00e5de julklappar och f\u00f6delsedagspresenter till henne *fniss* Ha en fortsatt bra vecka! ska bli 1-2 decimeter sn\u00f6 i morgon s\u00e4ger dom&#8230;.Kram Helena<\/p>\n","protected":false},"author":1,"featured_media":0,"comment_status":"open","ping_status":"open","sticky":false,"template":"","format":"standard","meta":{"footnotes":""},"categories":[9,8],"tags":[],"yoast_head":"<!-- This site is optimized with the Yoast SEO plugin v23.5 - https:\/\/yoast.com\/wordpress\/plugins\/seo\/ -->\n<title>Kanelbullar - Baka med KlaraForm<\/title>\n<meta name=\"robots\" content=\"index, follow, max-snippet:-1, max-image-preview:large, max-video-preview:-1\" \/>\n<link rel=\"canonical\" href=\"https:\/\/klarafardiga.com\/?p=134\" \/>\n<meta property=\"og:locale\" content=\"sv_SE\" \/>\n<meta property=\"og:type\" content=\"article\" \/>\n<meta property=\"og:title\" content=\"Kanelbullar - Baka med KlaraForm\" \/>\n<meta property=\"og:description\" content=\"Vi har kalasat p\u00e5 kanelbullar med mj\u00f6lk idag. Mums&#8230;. Det var barnens farmor som bakat kanelbullar i &#8221;mina&#8221; prickiga formar och jag m\u00e5ste s\u00e4ga att formarna h\u00f6ll b\u00e5de f\u00e4rg och form riktigt bra till detta \u00e4ndam\u00e5l. Tur att barnen har en farmor som \u00e4lskar att baka, det \u00e4r j\u00e4ttel\u00e4tt att hitta b\u00e5de julklappar och f\u00f6delsedagspresenter till henne *fniss* Ha en fortsatt bra vecka! ska bli 1-2 decimeter sn\u00f6 i morgon s\u00e4ger dom&#8230;.Kram Helena\" \/>\n<meta property=\"og:url\" content=\"https:\/\/klarafardiga.com\/?p=134\" \/>\n<meta property=\"og:site_name\" content=\"Baka med KlaraForm\" \/>\n<meta property=\"article:published_time\" content=\"2010-01-26T22:55:00+00:00\" \/>\n<meta property=\"og:image\" content=\"http:\/\/4.bp.blogspot.com\/_rCm4mArCkLE\/S19lYGESPhI\/AAAAAAAABww\/no7ny47Kw58\/s400\/bullar1.jpg\" \/>\n<meta name=\"author\" content=\"admin\" \/>\n<meta name=\"twitter:card\" content=\"summary_large_image\" \/>\n<meta name=\"twitter:label1\" content=\"Skriven av\" \/>\n\t<meta name=\"twitter:data1\" content=\"admin\" \/>\n<script type=\"application\/ld+json\" class=\"yoast-schema-graph\">{\"@context\":\"https:\/\/schema.org\",\"@graph\":[{\"@type\":\"WebPage\",\"@id\":\"https:\/\/klarafardiga.com\/?p=134\",\"url\":\"https:\/\/klarafardiga.com\/?p=134\",\"name\":\"Kanelbullar - Baka med KlaraForm\",\"isPartOf\":{\"@id\":\"https:\/\/klarafardiga.com\/#website\"},\"primaryImageOfPage\":{\"@id\":\"https:\/\/klarafardiga.com\/?p=134#primaryimage\"},\"image\":{\"@id\":\"https:\/\/klarafardiga.com\/?p=134#primaryimage\"},\"thumbnailUrl\":\"http:\/\/4.bp.blogspot.com\/_rCm4mArCkLE\/S19lYGESPhI\/AAAAAAAABww\/no7ny47Kw58\/s400\/bullar1.jpg\",\"datePublished\":\"2010-01-26T22:55:00+00:00\",\"dateModified\":\"2010-01-26T22:55:00+00:00\",\"author\":{\"@id\":\"https:\/\/klarafardiga.com\/#\/schema\/person\/0f54ba1da7c4c21dd7411ed3a8e9f8c0\"},\"breadcrumb\":{\"@id\":\"https:\/\/klarafardiga.com\/?p=134#breadcrumb\"},\"inLanguage\":\"sv-SE\",\"potentialAction\":[{\"@type\":\"ReadAction\",\"target\":[\"https:\/\/klarafardiga.com\/?p=134\"]}]},{\"@type\":\"ImageObject\",\"inLanguage\":\"sv-SE\",\"@id\":\"https:\/\/klarafardiga.com\/?p=134#primaryimage\",\"url\":\"http:\/\/4.bp.blogspot.com\/_rCm4mArCkLE\/S19lYGESPhI\/AAAAAAAABww\/no7ny47Kw58\/s400\/bullar1.jpg\",\"contentUrl\":\"http:\/\/4.bp.blogspot.com\/_rCm4mArCkLE\/S19lYGESPhI\/AAAAAAAABww\/no7ny47Kw58\/s400\/bullar1.jpg\"},{\"@type\":\"BreadcrumbList\",\"@id\":\"https:\/\/klarafardiga.com\/?p=134#breadcrumb\",\"itemListElement\":[{\"@type\":\"ListItem\",\"position\":1,\"name\":\"Hem\",\"item\":\"https:\/\/klarafardiga.com\/\"},{\"@type\":\"ListItem\",\"position\":2,\"name\":\"Kanelbullar\"}]},{\"@type\":\"WebSite\",\"@id\":\"https:\/\/klarafardiga.com\/#website\",\"url\":\"https:\/\/klarafardiga.com\/\",\"name\":\"Baka med KlaraForm\",\"description\":\"Recept, tips och nyheter i butiken\",\"potentialAction\":[{\"@type\":\"SearchAction\",\"target\":{\"@type\":\"EntryPoint\",\"urlTemplate\":\"https:\/\/klarafardiga.com\/?s={search_term_string}\"},\"query-input\":{\"@type\":\"PropertyValueSpecification\",\"valueRequired\":true,\"valueName\":\"search_term_string\"}}],\"inLanguage\":\"sv-SE\"},{\"@type\":\"Person\",\"@id\":\"https:\/\/klarafardiga.com\/#\/schema\/person\/0f54ba1da7c4c21dd7411ed3a8e9f8c0\",\"name\":\"admin\",\"image\":{\"@type\":\"ImageObject\",\"inLanguage\":\"sv-SE\",\"@id\":\"https:\/\/klarafardiga.com\/#\/schema\/person\/image\/\",\"url\":\"https:\/\/secure.gravatar.com\/avatar\/356da59eaae0a6e58215761d8e8dabed?s=96&d=mm&r=g\",\"contentUrl\":\"https:\/\/secure.gravatar.com\/avatar\/356da59eaae0a6e58215761d8e8dabed?s=96&d=mm&r=g\",\"caption\":\"admin\"},\"sameAs\":[\"http:\/\/www.klaraform.se\"],\"url\":\"https:\/\/klarafardiga.com\/?author=1\"}]}<\/script>\n<!-- \/ Yoast SEO plugin. -->","yoast_head_json":{"title":"Kanelbullar - Baka med KlaraForm","robots":{"index":"index","follow":"follow","max-snippet":"max-snippet:-1","max-image-preview":"max-image-preview:large","max-video-preview":"max-video-preview:-1"},"canonical":"https:\/\/klarafardiga.com\/?p=134","og_locale":"sv_SE","og_type":"article","og_title":"Kanelbullar - Baka med KlaraForm","og_description":"Vi har kalasat p\u00e5 kanelbullar med mj\u00f6lk idag. Mums&#8230;. Det var barnens farmor som bakat kanelbullar i &#8221;mina&#8221; prickiga formar och jag m\u00e5ste s\u00e4ga att formarna h\u00f6ll b\u00e5de f\u00e4rg och form riktigt bra till detta \u00e4ndam\u00e5l. Tur att barnen har en farmor som \u00e4lskar att baka, det \u00e4r j\u00e4ttel\u00e4tt att hitta b\u00e5de julklappar och f\u00f6delsedagspresenter till henne *fniss* Ha en fortsatt bra vecka! ska bli 1-2 decimeter sn\u00f6 i morgon s\u00e4ger dom&#8230;.Kram Helena","og_url":"https:\/\/klarafardiga.com\/?p=134","og_site_name":"Baka med KlaraForm","article_published_time":"2010-01-26T22:55:00+00:00","og_image":[{"url":"http:\/\/4.bp.blogspot.com\/_rCm4mArCkLE\/S19lYGESPhI\/AAAAAAAABww\/no7ny47Kw58\/s400\/bullar1.jpg"}],"author":"admin","twitter_card":"summary_large_image","twitter_misc":{"Skriven av":"admin"},"schema":{"@context":"https:\/\/schema.org","@graph":[{"@type":"WebPage","@id":"https:\/\/klarafardiga.com\/?p=134","url":"https:\/\/klarafardiga.com\/?p=134","name":"Kanelbullar - Baka med KlaraForm","isPartOf":{"@id":"https:\/\/klarafardiga.com\/#website"},"primaryImageOfPage":{"@id":"https:\/\/klarafardiga.com\/?p=134#primaryimage"},"image":{"@id":"https:\/\/klarafardiga.com\/?p=134#primaryimage"},"thumbnailUrl":"http:\/\/4.bp.blogspot.com\/_rCm4mArCkLE\/S19lYGESPhI\/AAAAAAAABww\/no7ny47Kw58\/s400\/bullar1.jpg","datePublished":"2010-01-26T22:55:00+00:00","dateModified":"2010-01-26T22:55:00+00:00","author":{"@id":"https:\/\/klarafardiga.com\/#\/schema\/person\/0f54ba1da7c4c21dd7411ed3a8e9f8c0"},"breadcrumb":{"@id":"https:\/\/klarafardiga.com\/?p=134#breadcrumb"},"inLanguage":"sv-SE","potentialAction":[{"@type":"ReadAction","target":["https:\/\/klarafardiga.com\/?p=134"]}]},{"@type":"ImageObject","inLanguage":"sv-SE","@id":"https:\/\/klarafardiga.com\/?p=134#primaryimage","url":"http:\/\/4.bp.blogspot.com\/_rCm4mArCkLE\/S19lYGESPhI\/AAAAAAAABww\/no7ny47Kw58\/s400\/bullar1.jpg","contentUrl":"http:\/\/4.bp.blogspot.com\/_rCm4mArCkLE\/S19lYGESPhI\/AAAAAAAABww\/no7ny47Kw58\/s400\/bullar1.jpg"},{"@type":"BreadcrumbList","@id":"https:\/\/klarafardiga.com\/?p=134#breadcrumb","itemListElement":[{"@type":"ListItem","position":1,"name":"Hem","item":"https:\/\/klarafardiga.com\/"},{"@type":"ListItem","position":2,"name":"Kanelbullar"}]},{"@type":"WebSite","@id":"https:\/\/klarafardiga.com\/#website","url":"https:\/\/klarafardiga.com\/","name":"Baka med KlaraForm","description":"Recept, tips och nyheter i butiken","potentialAction":[{"@type":"SearchAction","target":{"@type":"EntryPoint","urlTemplate":"https:\/\/klarafardiga.com\/?s={search_term_string}"},"query-input":{"@type":"PropertyValueSpecification","valueRequired":true,"valueName":"search_term_string"}}],"inLanguage":"sv-SE"},{"@type":"Person","@id":"https:\/\/klarafardiga.com\/#\/schema\/person\/0f54ba1da7c4c21dd7411ed3a8e9f8c0","name":"admin","image":{"@type":"ImageObject","inLanguage":"sv-SE","@id":"https:\/\/klarafardiga.com\/#\/schema\/person\/image\/","url":"https:\/\/secure.gravatar.com\/avatar\/356da59eaae0a6e58215761d8e8dabed?s=96&d=mm&r=g","contentUrl":"https:\/\/secure.gravatar.com\/avatar\/356da59eaae0a6e58215761d8e8dabed?s=96&d=mm&r=g","caption":"admin"},"sameAs":["http:\/\/www.klaraform.se"],"url":"https:\/\/klarafardiga.com\/?author=1"}]}},"_links":{"self":[{"href":"https:\/\/klarafardiga.com\/index.php?rest_route=\/wp\/v2\/posts\/134"}],"collection":[{"href":"https:\/\/klarafardiga.com\/index.php?rest_route=\/wp\/v2\/posts"}],"about":[{"href":"https:\/\/klarafardiga.com\/index.php?rest_route=\/wp\/v2\/types\/post"}],"author":[{"embeddable":true,"href":"https:\/\/klarafardiga.com\/index.php?rest_route=\/wp\/v2\/users\/1"}],"replies":[{"embeddable":true,"href":"https:\/\/klarafardiga.com\/index.php?rest_route=%2Fwp%2Fv2%2Fcomments&post=134"}],"version-history":[{"count":0,"href":"https:\/\/klarafardiga.com\/index.php?rest_route=\/wp\/v2\/posts\/134\/revisions"}],"wp:attachment":[{"href":"https:\/\/klarafardiga.com\/index.php?rest_route=%2Fwp%2Fv2%2Fmedia&parent=134"}],"wp:term":[{"taxonomy":"category","embeddable":true,"href":"https:\/\/klarafardiga.com\/index.php?rest_route=%2Fwp%2Fv2%2Fcategories&post=134"},{"taxonomy":"post_tag","embeddable":true,"href":"https:\/\/klarafardiga.com\/index.php?rest_route=%2Fwp%2Fv2%2Ftags&post=134"}],"curies":[{"name":"wp","href":"https:\/\/api.w.org\/{rel}","templated":true}]}}