{"id":127,"date":"2009-12-31T00:09:00","date_gmt":"2009-12-30T23:09:00","guid":{"rendered":"http:\/\/klarafardiga.com\/?p=127"},"modified":"2009-12-31T00:09:00","modified_gmt":"2009-12-30T23:09:00","slug":"gott-nytt-ar","status":"publish","type":"post","link":"https:\/\/klarafardiga.com\/?p=127","title":{"rendered":"Gott Nytt \u00c5r&#8230;"},"content":{"rendered":"<p>Vi har kallt v\u00e4rre h\u00e4r i Dalarna, nu \u00e4r det &#8221;bara&#8221; -17 grader men det bl\u00e5ser s\u00e5 det \u00e4r riktigt kallt. V\u00e5ran s\u00f6ta kanin bor utomhus och han hinner inte k\u00e4ka upp sina mor\u00f6tter f\u00f6rr\u00e4n de frusit till is stackarn&#8230; Jag tycker dock det \u00e4r lite mysigt n\u00e4r det \u00e4r s\u00e5 h\u00e4r kallt. Visst l\u00e4ngtar jag efter sol och v\u00e4rme&#8230; \u00e4r lite avis p\u00e5 min morbror och kusiner och kusinbarn med familjer som befinner sig i Brasilien just nu. Mina barns farbror + flickv\u00e4n \u00e4r i Vietnam = halva sl\u00e4kten finns utomlands just nu och missar denna bistra kyla, visst \u00e4r det synd om dom \ud83d\ude09 N\u00e4d\u00e5, jag unnar dom detta.<\/p>\n<p>Barnen har planerat hur ny\u00e5rsafton skall bli. De vill \u00e4ta en god middag, de vill ha plankstek f\u00f6r det l\u00e4t s\u00e5 kul att \u00e4ta p\u00e5 en planka \ud83d\ude42 De ser i alla fall emot att f\u00e5 duka bordet, s\u00e5 i morgon m\u00e5ste vi ut i kylan och inhandla lite servetter och dukar mm f\u00f6r de vill ha en fin ny\u00e5rsdukning&#8230;<\/p>\n<p><img decoding=\"async\" style=\"TEXT-ALIGN: center; MARGIN: 0px auto 10px; WIDTH: 400px; DISPLAY: block; HEIGHT: 266px; CURSOR: hand\" id=\"BLOGGER_PHOTO_ID_5421157838234028930\" border=\"0\" alt=\"\" src=\"http:\/\/1.bp.blogspot.com\/_rCm4mArCkLE\/SzvSVNNDi4I\/AAAAAAAABuo\/kFrDj2qkI5M\/s400\/29dec2009_01.jpg\" \/><\/p>\n<div align=\"center\"><span style=\"font-size:78%;\"><em>20 minus och barnen \u00e4r ute i sn\u00f6n, solen hade knappt g\u00e5tt upp&#8230;<\/em><br \/><\/span><\/div>\n<p>Ha en riktigt bra ny\u00e5rsafton p\u00e5 er alla!<\/p>\n<p>Kram Helena<\/p>\n","protected":false},"excerpt":{"rendered":"<p>Vi har kallt v\u00e4rre h\u00e4r i Dalarna, nu \u00e4r det &#8221;bara&#8221; -17 grader men det bl\u00e5ser s\u00e5 det \u00e4r riktigt kallt. V\u00e5ran s\u00f6ta kanin bor utomhus och han hinner inte k\u00e4ka upp sina mor\u00f6tter f\u00f6rr\u00e4n de frusit till is stackarn&#8230; Jag tycker dock det \u00e4r lite mysigt n\u00e4r det \u00e4r s\u00e5 h\u00e4r kallt. Visst l\u00e4ngtar jag efter sol och v\u00e4rme&#8230; \u00e4r lite avis p\u00e5 min morbror och kusiner och kusinbarn med familjer som befinner sig i Brasilien just nu. Mina barns farbror + flickv\u00e4n \u00e4r i Vietnam = halva sl\u00e4kten finns utomlands just nu och missar denna bistra kyla, visst \u00e4r det synd om dom \ud83d\ude09 N\u00e4d\u00e5, jag unnar dom detta. Barnen har planerat hur ny\u00e5rsafton skall bli. De vill \u00e4ta en god middag, de vill ha plankstek f\u00f6r det l\u00e4t s\u00e5 kul att \u00e4ta p\u00e5 en planka \ud83d\ude42 De ser i alla fall emot att f\u00e5 duka bordet, s\u00e5 i morgon m\u00e5ste vi ut i kylan och inhandla lite servetter och dukar mm f\u00f6r de vill ha en fin ny\u00e5rsdukning&#8230; 20 minus och barnen \u00e4r ute i sn\u00f6n, solen hade knappt g\u00e5tt upp&#8230; Ha en riktigt bra ny\u00e5rsafton p\u00e5 er alla! Kram Helena<\/p>\n","protected":false},"author":1,"featured_media":0,"comment_status":"open","ping_status":"open","sticky":false,"template":"","format":"standard","meta":{"footnotes":""},"categories":[4],"tags":[],"yoast_head":"<!-- This site is optimized with the Yoast SEO plugin v23.5 - https:\/\/yoast.com\/wordpress\/plugins\/seo\/ -->\n<title>Gott Nytt \u00c5r... - Baka med KlaraForm<\/title>\n<meta name=\"robots\" content=\"index, follow, max-snippet:-1, max-image-preview:large, max-video-preview:-1\" \/>\n<link rel=\"canonical\" href=\"https:\/\/klarafardiga.com\/?p=127\" \/>\n<meta property=\"og:locale\" content=\"sv_SE\" \/>\n<meta property=\"og:type\" content=\"article\" \/>\n<meta property=\"og:title\" content=\"Gott Nytt \u00c5r... - Baka med KlaraForm\" \/>\n<meta property=\"og:description\" content=\"Vi har kallt v\u00e4rre h\u00e4r i Dalarna, nu \u00e4r det &#8221;bara&#8221; -17 grader men det bl\u00e5ser s\u00e5 det \u00e4r riktigt kallt. V\u00e5ran s\u00f6ta kanin bor utomhus och han hinner inte k\u00e4ka upp sina mor\u00f6tter f\u00f6rr\u00e4n de frusit till is stackarn&#8230; Jag tycker dock det \u00e4r lite mysigt n\u00e4r det \u00e4r s\u00e5 h\u00e4r kallt. Visst l\u00e4ngtar jag efter sol och v\u00e4rme&#8230; \u00e4r lite avis p\u00e5 min morbror och kusiner och kusinbarn med familjer som befinner sig i Brasilien just nu. Mina barns farbror + flickv\u00e4n \u00e4r i Vietnam = halva sl\u00e4kten finns utomlands just nu och missar denna bistra kyla, visst \u00e4r det synd om dom \ud83d\ude09 N\u00e4d\u00e5, jag unnar dom detta. Barnen har planerat hur ny\u00e5rsafton skall bli. De vill \u00e4ta en god middag, de vill ha plankstek f\u00f6r det l\u00e4t s\u00e5 kul att \u00e4ta p\u00e5 en planka \ud83d\ude42 De ser i alla fall emot att f\u00e5 duka bordet, s\u00e5 i morgon m\u00e5ste vi ut i kylan och inhandla lite servetter och dukar mm f\u00f6r de vill ha en fin ny\u00e5rsdukning&#8230; 20 minus och barnen \u00e4r ute i sn\u00f6n, solen hade knappt g\u00e5tt upp&#8230; Ha en riktigt bra ny\u00e5rsafton p\u00e5 er alla! Kram Helena\" \/>\n<meta property=\"og:url\" content=\"https:\/\/klarafardiga.com\/?p=127\" \/>\n<meta property=\"og:site_name\" content=\"Baka med KlaraForm\" \/>\n<meta property=\"article:published_time\" content=\"2009-12-30T23:09:00+00:00\" \/>\n<meta property=\"og:image\" content=\"http:\/\/1.bp.blogspot.com\/_rCm4mArCkLE\/SzvSVNNDi4I\/AAAAAAAABuo\/kFrDj2qkI5M\/s400\/29dec2009_01.jpg\" \/>\n<meta name=\"author\" content=\"admin\" \/>\n<meta name=\"twitter:card\" content=\"summary_large_image\" \/>\n<meta name=\"twitter:label1\" content=\"Skriven av\" \/>\n\t<meta name=\"twitter:data1\" content=\"admin\" \/>\n\t<meta name=\"twitter:label2\" content=\"Ber\u00e4knad l\u00e4stid\" \/>\n\t<meta name=\"twitter:data2\" content=\"1 minut\" \/>\n<script type=\"application\/ld+json\" class=\"yoast-schema-graph\">{\"@context\":\"https:\/\/schema.org\",\"@graph\":[{\"@type\":\"WebPage\",\"@id\":\"https:\/\/klarafardiga.com\/?p=127\",\"url\":\"https:\/\/klarafardiga.com\/?p=127\",\"name\":\"Gott Nytt \u00c5r... - Baka med KlaraForm\",\"isPartOf\":{\"@id\":\"https:\/\/klarafardiga.com\/#website\"},\"primaryImageOfPage\":{\"@id\":\"https:\/\/klarafardiga.com\/?p=127#primaryimage\"},\"image\":{\"@id\":\"https:\/\/klarafardiga.com\/?p=127#primaryimage\"},\"thumbnailUrl\":\"http:\/\/1.bp.blogspot.com\/_rCm4mArCkLE\/SzvSVNNDi4I\/AAAAAAAABuo\/kFrDj2qkI5M\/s400\/29dec2009_01.jpg\",\"datePublished\":\"2009-12-30T23:09:00+00:00\",\"dateModified\":\"2009-12-30T23:09:00+00:00\",\"author\":{\"@id\":\"https:\/\/klarafardiga.com\/#\/schema\/person\/0f54ba1da7c4c21dd7411ed3a8e9f8c0\"},\"breadcrumb\":{\"@id\":\"https:\/\/klarafardiga.com\/?p=127#breadcrumb\"},\"inLanguage\":\"sv-SE\",\"potentialAction\":[{\"@type\":\"ReadAction\",\"target\":[\"https:\/\/klarafardiga.com\/?p=127\"]}]},{\"@type\":\"ImageObject\",\"inLanguage\":\"sv-SE\",\"@id\":\"https:\/\/klarafardiga.com\/?p=127#primaryimage\",\"url\":\"http:\/\/1.bp.blogspot.com\/_rCm4mArCkLE\/SzvSVNNDi4I\/AAAAAAAABuo\/kFrDj2qkI5M\/s400\/29dec2009_01.jpg\",\"contentUrl\":\"http:\/\/1.bp.blogspot.com\/_rCm4mArCkLE\/SzvSVNNDi4I\/AAAAAAAABuo\/kFrDj2qkI5M\/s400\/29dec2009_01.jpg\"},{\"@type\":\"BreadcrumbList\",\"@id\":\"https:\/\/klarafardiga.com\/?p=127#breadcrumb\",\"itemListElement\":[{\"@type\":\"ListItem\",\"position\":1,\"name\":\"Hem\",\"item\":\"https:\/\/klarafardiga.com\/\"},{\"@type\":\"ListItem\",\"position\":2,\"name\":\"Gott Nytt \u00c5r&#8230;\"}]},{\"@type\":\"WebSite\",\"@id\":\"https:\/\/klarafardiga.com\/#website\",\"url\":\"https:\/\/klarafardiga.com\/\",\"name\":\"Baka med KlaraForm\",\"description\":\"Recept, tips och nyheter i butiken\",\"potentialAction\":[{\"@type\":\"SearchAction\",\"target\":{\"@type\":\"EntryPoint\",\"urlTemplate\":\"https:\/\/klarafardiga.com\/?s={search_term_string}\"},\"query-input\":{\"@type\":\"PropertyValueSpecification\",\"valueRequired\":true,\"valueName\":\"search_term_string\"}}],\"inLanguage\":\"sv-SE\"},{\"@type\":\"Person\",\"@id\":\"https:\/\/klarafardiga.com\/#\/schema\/person\/0f54ba1da7c4c21dd7411ed3a8e9f8c0\",\"name\":\"admin\",\"image\":{\"@type\":\"ImageObject\",\"inLanguage\":\"sv-SE\",\"@id\":\"https:\/\/klarafardiga.com\/#\/schema\/person\/image\/\",\"url\":\"https:\/\/secure.gravatar.com\/avatar\/356da59eaae0a6e58215761d8e8dabed?s=96&d=mm&r=g\",\"contentUrl\":\"https:\/\/secure.gravatar.com\/avatar\/356da59eaae0a6e58215761d8e8dabed?s=96&d=mm&r=g\",\"caption\":\"admin\"},\"sameAs\":[\"http:\/\/www.klaraform.se\"],\"url\":\"https:\/\/klarafardiga.com\/?author=1\"}]}<\/script>\n<!-- \/ Yoast SEO plugin. -->","yoast_head_json":{"title":"Gott Nytt \u00c5r... - Baka med KlaraForm","robots":{"index":"index","follow":"follow","max-snippet":"max-snippet:-1","max-image-preview":"max-image-preview:large","max-video-preview":"max-video-preview:-1"},"canonical":"https:\/\/klarafardiga.com\/?p=127","og_locale":"sv_SE","og_type":"article","og_title":"Gott Nytt \u00c5r... - Baka med KlaraForm","og_description":"Vi har kallt v\u00e4rre h\u00e4r i Dalarna, nu \u00e4r det &#8221;bara&#8221; -17 grader men det bl\u00e5ser s\u00e5 det \u00e4r riktigt kallt. V\u00e5ran s\u00f6ta kanin bor utomhus och han hinner inte k\u00e4ka upp sina mor\u00f6tter f\u00f6rr\u00e4n de frusit till is stackarn&#8230; Jag tycker dock det \u00e4r lite mysigt n\u00e4r det \u00e4r s\u00e5 h\u00e4r kallt. Visst l\u00e4ngtar jag efter sol och v\u00e4rme&#8230; \u00e4r lite avis p\u00e5 min morbror och kusiner och kusinbarn med familjer som befinner sig i Brasilien just nu. Mina barns farbror + flickv\u00e4n \u00e4r i Vietnam = halva sl\u00e4kten finns utomlands just nu och missar denna bistra kyla, visst \u00e4r det synd om dom \ud83d\ude09 N\u00e4d\u00e5, jag unnar dom detta. Barnen har planerat hur ny\u00e5rsafton skall bli. De vill \u00e4ta en god middag, de vill ha plankstek f\u00f6r det l\u00e4t s\u00e5 kul att \u00e4ta p\u00e5 en planka \ud83d\ude42 De ser i alla fall emot att f\u00e5 duka bordet, s\u00e5 i morgon m\u00e5ste vi ut i kylan och inhandla lite servetter och dukar mm f\u00f6r de vill ha en fin ny\u00e5rsdukning&#8230; 20 minus och barnen \u00e4r ute i sn\u00f6n, solen hade knappt g\u00e5tt upp&#8230; Ha en riktigt bra ny\u00e5rsafton p\u00e5 er alla! Kram Helena","og_url":"https:\/\/klarafardiga.com\/?p=127","og_site_name":"Baka med KlaraForm","article_published_time":"2009-12-30T23:09:00+00:00","og_image":[{"url":"http:\/\/1.bp.blogspot.com\/_rCm4mArCkLE\/SzvSVNNDi4I\/AAAAAAAABuo\/kFrDj2qkI5M\/s400\/29dec2009_01.jpg"}],"author":"admin","twitter_card":"summary_large_image","twitter_misc":{"Skriven av":"admin","Ber\u00e4knad l\u00e4stid":"1 minut"},"schema":{"@context":"https:\/\/schema.org","@graph":[{"@type":"WebPage","@id":"https:\/\/klarafardiga.com\/?p=127","url":"https:\/\/klarafardiga.com\/?p=127","name":"Gott Nytt \u00c5r... - Baka med KlaraForm","isPartOf":{"@id":"https:\/\/klarafardiga.com\/#website"},"primaryImageOfPage":{"@id":"https:\/\/klarafardiga.com\/?p=127#primaryimage"},"image":{"@id":"https:\/\/klarafardiga.com\/?p=127#primaryimage"},"thumbnailUrl":"http:\/\/1.bp.blogspot.com\/_rCm4mArCkLE\/SzvSVNNDi4I\/AAAAAAAABuo\/kFrDj2qkI5M\/s400\/29dec2009_01.jpg","datePublished":"2009-12-30T23:09:00+00:00","dateModified":"2009-12-30T23:09:00+00:00","author":{"@id":"https:\/\/klarafardiga.com\/#\/schema\/person\/0f54ba1da7c4c21dd7411ed3a8e9f8c0"},"breadcrumb":{"@id":"https:\/\/klarafardiga.com\/?p=127#breadcrumb"},"inLanguage":"sv-SE","potentialAction":[{"@type":"ReadAction","target":["https:\/\/klarafardiga.com\/?p=127"]}]},{"@type":"ImageObject","inLanguage":"sv-SE","@id":"https:\/\/klarafardiga.com\/?p=127#primaryimage","url":"http:\/\/1.bp.blogspot.com\/_rCm4mArCkLE\/SzvSVNNDi4I\/AAAAAAAABuo\/kFrDj2qkI5M\/s400\/29dec2009_01.jpg","contentUrl":"http:\/\/1.bp.blogspot.com\/_rCm4mArCkLE\/SzvSVNNDi4I\/AAAAAAAABuo\/kFrDj2qkI5M\/s400\/29dec2009_01.jpg"},{"@type":"BreadcrumbList","@id":"https:\/\/klarafardiga.com\/?p=127#breadcrumb","itemListElement":[{"@type":"ListItem","position":1,"name":"Hem","item":"https:\/\/klarafardiga.com\/"},{"@type":"ListItem","position":2,"name":"Gott Nytt \u00c5r&#8230;"}]},{"@type":"WebSite","@id":"https:\/\/klarafardiga.com\/#website","url":"https:\/\/klarafardiga.com\/","name":"Baka med KlaraForm","description":"Recept, tips och nyheter i butiken","potentialAction":[{"@type":"SearchAction","target":{"@type":"EntryPoint","urlTemplate":"https:\/\/klarafardiga.com\/?s={search_term_string}"},"query-input":{"@type":"PropertyValueSpecification","valueRequired":true,"valueName":"search_term_string"}}],"inLanguage":"sv-SE"},{"@type":"Person","@id":"https:\/\/klarafardiga.com\/#\/schema\/person\/0f54ba1da7c4c21dd7411ed3a8e9f8c0","name":"admin","image":{"@type":"ImageObject","inLanguage":"sv-SE","@id":"https:\/\/klarafardiga.com\/#\/schema\/person\/image\/","url":"https:\/\/secure.gravatar.com\/avatar\/356da59eaae0a6e58215761d8e8dabed?s=96&d=mm&r=g","contentUrl":"https:\/\/secure.gravatar.com\/avatar\/356da59eaae0a6e58215761d8e8dabed?s=96&d=mm&r=g","caption":"admin"},"sameAs":["http:\/\/www.klaraform.se"],"url":"https:\/\/klarafardiga.com\/?author=1"}]}},"_links":{"self":[{"href":"https:\/\/klarafardiga.com\/index.php?rest_route=\/wp\/v2\/posts\/127"}],"collection":[{"href":"https:\/\/klarafardiga.com\/index.php?rest_route=\/wp\/v2\/posts"}],"about":[{"href":"https:\/\/klarafardiga.com\/index.php?rest_route=\/wp\/v2\/types\/post"}],"author":[{"embeddable":true,"href":"https:\/\/klarafardiga.com\/index.php?rest_route=\/wp\/v2\/users\/1"}],"replies":[{"embeddable":true,"href":"https:\/\/klarafardiga.com\/index.php?rest_route=%2Fwp%2Fv2%2Fcomments&post=127"}],"version-history":[{"count":0,"href":"https:\/\/klarafardiga.com\/index.php?rest_route=\/wp\/v2\/posts\/127\/revisions"}],"wp:attachment":[{"href":"https:\/\/klarafardiga.com\/index.php?rest_route=%2Fwp%2Fv2%2Fmedia&parent=127"}],"wp:term":[{"taxonomy":"category","embeddable":true,"href":"https:\/\/klarafardiga.com\/index.php?rest_route=%2Fwp%2Fv2%2Fcategories&post=127"},{"taxonomy":"post_tag","embeddable":true,"href":"https:\/\/klarafardiga.com\/index.php?rest_route=%2Fwp%2Fv2%2Ftags&post=127"}],"curies":[{"name":"wp","href":"https:\/\/api.w.org\/{rel}","templated":true}]}}