{"id":126,"date":"2009-12-23T20:33:00","date_gmt":"2009-12-23T19:33:00","guid":{"rendered":"http:\/\/klarafardiga.com\/?p=126"},"modified":"2009-12-23T20:33:00","modified_gmt":"2009-12-23T19:33:00","slug":"god-jul","status":"publish","type":"post","link":"https:\/\/klarafardiga.com\/?p=126","title":{"rendered":"God Jul&#8230;"},"content":{"rendered":"<p>Klapparna \u00e4r inslagna, julskinkan \u00e4r klar, mitt bidrag till julbordet i morgon \u00e4r ocks\u00e5 klart n\u00e4mligen en Matjesr\u00f6ra. Finns bara ett orosmoment, sonen har 39 graders feber. Det \u00e4r n\u00e5t\u00b4virus som g\u00e5r, dottern hade det i helgen. Huvudv\u00e4rk, ont i halsen, feber som g\u00e5r upp och ner hela tiden. F\u00e5r se hur det g\u00e5r i morgon&#8230;<img decoding=\"async\" style=\"TEXT-ALIGN: center; MARGIN: 0px auto 10px; WIDTH: 400px; DISPLAY: block; HEIGHT: 299px; CURSOR: hand\" id=\"BLOGGER_PHOTO_ID_5418503393537284898\" border=\"0\" alt=\"\" src=\"http:\/\/2.bp.blogspot.com\/_rCm4mArCkLE\/SzJkIMIJ2yI\/AAAAAAAABug\/MsOFDuFhwq8\/s400\/trott_tomte.jpg\" \/><strong>Matjesr\u00f6ra med \u00e4gg<\/strong><br \/>300 g         matjessill, sk\u00e4r i sm\u00e5 bitar<br \/>1 dl             majonn\u00e4s<br \/>1 dl             kesella mager<br \/>4 st             hackade \u00e4gg<br \/>2 msk         hackad dill<br \/>2 msk         bostongurka<br \/>2 msk         l\u00f6k, finhackad<\/p>\n<p>Blanda samman allt och l\u00e5t mogna 1 dygn<\/p>\n<p> <img decoding=\"async\" style=\"TEXT-ALIGN: center; MARGIN: 0px auto 10px; WIDTH: 400px; DISPLAY: block; HEIGHT: 256px; CURSOR: hand\" id=\"BLOGGER_PHOTO_ID_5418503389556914258\" border=\"0\" alt=\"\" src=\"http:\/\/2.bp.blogspot.com\/_rCm4mArCkLE\/SzJkH9TKOFI\/AAAAAAAABuY\/xPVhY_jiDZQ\/s400\/vinter01.jpg\" \/><br \/><strong>Matjesr\u00f6ra med potatis<br \/><\/strong>1 burk       matjessill, sk\u00e4r i sm\u00e5bitar<br \/>2 st            r\u00f6dl\u00f6kar<br \/>3 dl            purjol\u00f6k<br \/>3 dl            gr\u00e4ddfil<br \/>3 dl            majonn\u00e4s<br \/>3-5 dl        kaviar (p\u00e5 tub)<br \/>1 pkt         djupfryst dill<br \/>8-10          kokade, skalade potatisar, finhacka.<\/p>\n<p>Blanda samman allt och l\u00e5t mogna 1 dygn<\/p>\n<p>Smakar mums \ud83d\ude42<\/p>\n<p>God Jul p\u00e5 er alla!<br \/>Kram Helena<\/p>\n","protected":false},"excerpt":{"rendered":"<p>Klapparna \u00e4r inslagna, julskinkan \u00e4r klar, mitt bidrag till julbordet i morgon \u00e4r ocks\u00e5 klart n\u00e4mligen en Matjesr\u00f6ra. Finns bara ett orosmoment, sonen har 39 graders feber. Det \u00e4r n\u00e5t\u00b4virus som g\u00e5r, dottern hade det i helgen. Huvudv\u00e4rk, ont i halsen, feber som g\u00e5r upp och ner hela tiden. F\u00e5r se hur det g\u00e5r i morgon&#8230;Matjesr\u00f6ra med \u00e4gg300 g matjessill, sk\u00e4r i sm\u00e5 bitar1 dl majonn\u00e4s1 dl kesella mager4 st hackade \u00e4gg2 msk hackad dill2 msk bostongurka2 msk l\u00f6k, finhackad Blanda samman allt och l\u00e5t mogna 1 dygn Matjesr\u00f6ra med potatis1 burk matjessill, sk\u00e4r i sm\u00e5bitar2 st r\u00f6dl\u00f6kar3 dl purjol\u00f6k3 dl gr\u00e4ddfil3 dl majonn\u00e4s3-5 dl kaviar (p\u00e5 tub)1 pkt djupfryst dill8-10 kokade, skalade potatisar, finhacka. Blanda samman allt och l\u00e5t mogna 1 dygn Smakar mums \ud83d\ude42 God Jul p\u00e5 er alla!Kram Helena<\/p>\n","protected":false},"author":1,"featured_media":0,"comment_status":"open","ping_status":"open","sticky":false,"template":"","format":"standard","meta":{"footnotes":""},"categories":[4,3],"tags":[],"yoast_head":"<!-- This site is optimized with the Yoast SEO plugin v23.5 - https:\/\/yoast.com\/wordpress\/plugins\/seo\/ -->\n<title>God Jul... - Baka med KlaraForm<\/title>\n<meta name=\"robots\" content=\"index, follow, max-snippet:-1, max-image-preview:large, max-video-preview:-1\" \/>\n<link rel=\"canonical\" href=\"https:\/\/klarafardiga.com\/?p=126\" \/>\n<meta property=\"og:locale\" content=\"sv_SE\" \/>\n<meta property=\"og:type\" content=\"article\" \/>\n<meta property=\"og:title\" content=\"God Jul... - Baka med KlaraForm\" \/>\n<meta property=\"og:description\" content=\"Klapparna \u00e4r inslagna, julskinkan \u00e4r klar, mitt bidrag till julbordet i morgon \u00e4r ocks\u00e5 klart n\u00e4mligen en Matjesr\u00f6ra. Finns bara ett orosmoment, sonen har 39 graders feber. Det \u00e4r n\u00e5t\u00b4virus som g\u00e5r, dottern hade det i helgen. Huvudv\u00e4rk, ont i halsen, feber som g\u00e5r upp och ner hela tiden. F\u00e5r se hur det g\u00e5r i morgon&#8230;Matjesr\u00f6ra med \u00e4gg300 g matjessill, sk\u00e4r i sm\u00e5 bitar1 dl majonn\u00e4s1 dl kesella mager4 st hackade \u00e4gg2 msk hackad dill2 msk bostongurka2 msk l\u00f6k, finhackad Blanda samman allt och l\u00e5t mogna 1 dygn Matjesr\u00f6ra med potatis1 burk matjessill, sk\u00e4r i sm\u00e5bitar2 st r\u00f6dl\u00f6kar3 dl purjol\u00f6k3 dl gr\u00e4ddfil3 dl majonn\u00e4s3-5 dl kaviar (p\u00e5 tub)1 pkt djupfryst dill8-10 kokade, skalade potatisar, finhacka. Blanda samman allt och l\u00e5t mogna 1 dygn Smakar mums \ud83d\ude42 God Jul p\u00e5 er alla!Kram Helena\" \/>\n<meta property=\"og:url\" content=\"https:\/\/klarafardiga.com\/?p=126\" \/>\n<meta property=\"og:site_name\" content=\"Baka med KlaraForm\" \/>\n<meta property=\"article:published_time\" content=\"2009-12-23T19:33:00+00:00\" \/>\n<meta property=\"og:image\" content=\"http:\/\/2.bp.blogspot.com\/_rCm4mArCkLE\/SzJkIMIJ2yI\/AAAAAAAABug\/MsOFDuFhwq8\/s400\/trott_tomte.jpg\" \/>\n<meta name=\"author\" content=\"admin\" \/>\n<meta name=\"twitter:card\" content=\"summary_large_image\" \/>\n<meta name=\"twitter:label1\" content=\"Skriven av\" \/>\n\t<meta name=\"twitter:data1\" content=\"admin\" \/>\n\t<meta name=\"twitter:label2\" content=\"Ber\u00e4knad l\u00e4stid\" \/>\n\t<meta name=\"twitter:data2\" content=\"1 minut\" \/>\n<script type=\"application\/ld+json\" class=\"yoast-schema-graph\">{\"@context\":\"https:\/\/schema.org\",\"@graph\":[{\"@type\":\"WebPage\",\"@id\":\"https:\/\/klarafardiga.com\/?p=126\",\"url\":\"https:\/\/klarafardiga.com\/?p=126\",\"name\":\"God Jul... - Baka med KlaraForm\",\"isPartOf\":{\"@id\":\"https:\/\/klarafardiga.com\/#website\"},\"primaryImageOfPage\":{\"@id\":\"https:\/\/klarafardiga.com\/?p=126#primaryimage\"},\"image\":{\"@id\":\"https:\/\/klarafardiga.com\/?p=126#primaryimage\"},\"thumbnailUrl\":\"http:\/\/2.bp.blogspot.com\/_rCm4mArCkLE\/SzJkIMIJ2yI\/AAAAAAAABug\/MsOFDuFhwq8\/s400\/trott_tomte.jpg\",\"datePublished\":\"2009-12-23T19:33:00+00:00\",\"dateModified\":\"2009-12-23T19:33:00+00:00\",\"author\":{\"@id\":\"https:\/\/klarafardiga.com\/#\/schema\/person\/0f54ba1da7c4c21dd7411ed3a8e9f8c0\"},\"breadcrumb\":{\"@id\":\"https:\/\/klarafardiga.com\/?p=126#breadcrumb\"},\"inLanguage\":\"sv-SE\",\"potentialAction\":[{\"@type\":\"ReadAction\",\"target\":[\"https:\/\/klarafardiga.com\/?p=126\"]}]},{\"@type\":\"ImageObject\",\"inLanguage\":\"sv-SE\",\"@id\":\"https:\/\/klarafardiga.com\/?p=126#primaryimage\",\"url\":\"http:\/\/2.bp.blogspot.com\/_rCm4mArCkLE\/SzJkIMIJ2yI\/AAAAAAAABug\/MsOFDuFhwq8\/s400\/trott_tomte.jpg\",\"contentUrl\":\"http:\/\/2.bp.blogspot.com\/_rCm4mArCkLE\/SzJkIMIJ2yI\/AAAAAAAABug\/MsOFDuFhwq8\/s400\/trott_tomte.jpg\"},{\"@type\":\"BreadcrumbList\",\"@id\":\"https:\/\/klarafardiga.com\/?p=126#breadcrumb\",\"itemListElement\":[{\"@type\":\"ListItem\",\"position\":1,\"name\":\"Hem\",\"item\":\"https:\/\/klarafardiga.com\/\"},{\"@type\":\"ListItem\",\"position\":2,\"name\":\"God Jul&#8230;\"}]},{\"@type\":\"WebSite\",\"@id\":\"https:\/\/klarafardiga.com\/#website\",\"url\":\"https:\/\/klarafardiga.com\/\",\"name\":\"Baka med KlaraForm\",\"description\":\"Recept, tips och nyheter i butiken\",\"potentialAction\":[{\"@type\":\"SearchAction\",\"target\":{\"@type\":\"EntryPoint\",\"urlTemplate\":\"https:\/\/klarafardiga.com\/?s={search_term_string}\"},\"query-input\":{\"@type\":\"PropertyValueSpecification\",\"valueRequired\":true,\"valueName\":\"search_term_string\"}}],\"inLanguage\":\"sv-SE\"},{\"@type\":\"Person\",\"@id\":\"https:\/\/klarafardiga.com\/#\/schema\/person\/0f54ba1da7c4c21dd7411ed3a8e9f8c0\",\"name\":\"admin\",\"image\":{\"@type\":\"ImageObject\",\"inLanguage\":\"sv-SE\",\"@id\":\"https:\/\/klarafardiga.com\/#\/schema\/person\/image\/\",\"url\":\"https:\/\/secure.gravatar.com\/avatar\/356da59eaae0a6e58215761d8e8dabed?s=96&d=mm&r=g\",\"contentUrl\":\"https:\/\/secure.gravatar.com\/avatar\/356da59eaae0a6e58215761d8e8dabed?s=96&d=mm&r=g\",\"caption\":\"admin\"},\"sameAs\":[\"http:\/\/www.klaraform.se\"],\"url\":\"https:\/\/klarafardiga.com\/?author=1\"}]}<\/script>\n<!-- \/ Yoast SEO plugin. -->","yoast_head_json":{"title":"God Jul... - Baka med KlaraForm","robots":{"index":"index","follow":"follow","max-snippet":"max-snippet:-1","max-image-preview":"max-image-preview:large","max-video-preview":"max-video-preview:-1"},"canonical":"https:\/\/klarafardiga.com\/?p=126","og_locale":"sv_SE","og_type":"article","og_title":"God Jul... - Baka med KlaraForm","og_description":"Klapparna \u00e4r inslagna, julskinkan \u00e4r klar, mitt bidrag till julbordet i morgon \u00e4r ocks\u00e5 klart n\u00e4mligen en Matjesr\u00f6ra. Finns bara ett orosmoment, sonen har 39 graders feber. Det \u00e4r n\u00e5t\u00b4virus som g\u00e5r, dottern hade det i helgen. Huvudv\u00e4rk, ont i halsen, feber som g\u00e5r upp och ner hela tiden. F\u00e5r se hur det g\u00e5r i morgon&#8230;Matjesr\u00f6ra med \u00e4gg300 g matjessill, sk\u00e4r i sm\u00e5 bitar1 dl majonn\u00e4s1 dl kesella mager4 st hackade \u00e4gg2 msk hackad dill2 msk bostongurka2 msk l\u00f6k, finhackad Blanda samman allt och l\u00e5t mogna 1 dygn Matjesr\u00f6ra med potatis1 burk matjessill, sk\u00e4r i sm\u00e5bitar2 st r\u00f6dl\u00f6kar3 dl purjol\u00f6k3 dl gr\u00e4ddfil3 dl majonn\u00e4s3-5 dl kaviar (p\u00e5 tub)1 pkt djupfryst dill8-10 kokade, skalade potatisar, finhacka. Blanda samman allt och l\u00e5t mogna 1 dygn Smakar mums \ud83d\ude42 God Jul p\u00e5 er alla!Kram Helena","og_url":"https:\/\/klarafardiga.com\/?p=126","og_site_name":"Baka med KlaraForm","article_published_time":"2009-12-23T19:33:00+00:00","og_image":[{"url":"http:\/\/2.bp.blogspot.com\/_rCm4mArCkLE\/SzJkIMIJ2yI\/AAAAAAAABug\/MsOFDuFhwq8\/s400\/trott_tomte.jpg"}],"author":"admin","twitter_card":"summary_large_image","twitter_misc":{"Skriven av":"admin","Ber\u00e4knad l\u00e4stid":"1 minut"},"schema":{"@context":"https:\/\/schema.org","@graph":[{"@type":"WebPage","@id":"https:\/\/klarafardiga.com\/?p=126","url":"https:\/\/klarafardiga.com\/?p=126","name":"God Jul... - Baka med KlaraForm","isPartOf":{"@id":"https:\/\/klarafardiga.com\/#website"},"primaryImageOfPage":{"@id":"https:\/\/klarafardiga.com\/?p=126#primaryimage"},"image":{"@id":"https:\/\/klarafardiga.com\/?p=126#primaryimage"},"thumbnailUrl":"http:\/\/2.bp.blogspot.com\/_rCm4mArCkLE\/SzJkIMIJ2yI\/AAAAAAAABug\/MsOFDuFhwq8\/s400\/trott_tomte.jpg","datePublished":"2009-12-23T19:33:00+00:00","dateModified":"2009-12-23T19:33:00+00:00","author":{"@id":"https:\/\/klarafardiga.com\/#\/schema\/person\/0f54ba1da7c4c21dd7411ed3a8e9f8c0"},"breadcrumb":{"@id":"https:\/\/klarafardiga.com\/?p=126#breadcrumb"},"inLanguage":"sv-SE","potentialAction":[{"@type":"ReadAction","target":["https:\/\/klarafardiga.com\/?p=126"]}]},{"@type":"ImageObject","inLanguage":"sv-SE","@id":"https:\/\/klarafardiga.com\/?p=126#primaryimage","url":"http:\/\/2.bp.blogspot.com\/_rCm4mArCkLE\/SzJkIMIJ2yI\/AAAAAAAABug\/MsOFDuFhwq8\/s400\/trott_tomte.jpg","contentUrl":"http:\/\/2.bp.blogspot.com\/_rCm4mArCkLE\/SzJkIMIJ2yI\/AAAAAAAABug\/MsOFDuFhwq8\/s400\/trott_tomte.jpg"},{"@type":"BreadcrumbList","@id":"https:\/\/klarafardiga.com\/?p=126#breadcrumb","itemListElement":[{"@type":"ListItem","position":1,"name":"Hem","item":"https:\/\/klarafardiga.com\/"},{"@type":"ListItem","position":2,"name":"God Jul&#8230;"}]},{"@type":"WebSite","@id":"https:\/\/klarafardiga.com\/#website","url":"https:\/\/klarafardiga.com\/","name":"Baka med KlaraForm","description":"Recept, tips och nyheter i butiken","potentialAction":[{"@type":"SearchAction","target":{"@type":"EntryPoint","urlTemplate":"https:\/\/klarafardiga.com\/?s={search_term_string}"},"query-input":{"@type":"PropertyValueSpecification","valueRequired":true,"valueName":"search_term_string"}}],"inLanguage":"sv-SE"},{"@type":"Person","@id":"https:\/\/klarafardiga.com\/#\/schema\/person\/0f54ba1da7c4c21dd7411ed3a8e9f8c0","name":"admin","image":{"@type":"ImageObject","inLanguage":"sv-SE","@id":"https:\/\/klarafardiga.com\/#\/schema\/person\/image\/","url":"https:\/\/secure.gravatar.com\/avatar\/356da59eaae0a6e58215761d8e8dabed?s=96&d=mm&r=g","contentUrl":"https:\/\/secure.gravatar.com\/avatar\/356da59eaae0a6e58215761d8e8dabed?s=96&d=mm&r=g","caption":"admin"},"sameAs":["http:\/\/www.klaraform.se"],"url":"https:\/\/klarafardiga.com\/?author=1"}]}},"_links":{"self":[{"href":"https:\/\/klarafardiga.com\/index.php?rest_route=\/wp\/v2\/posts\/126"}],"collection":[{"href":"https:\/\/klarafardiga.com\/index.php?rest_route=\/wp\/v2\/posts"}],"about":[{"href":"https:\/\/klarafardiga.com\/index.php?rest_route=\/wp\/v2\/types\/post"}],"author":[{"embeddable":true,"href":"https:\/\/klarafardiga.com\/index.php?rest_route=\/wp\/v2\/users\/1"}],"replies":[{"embeddable":true,"href":"https:\/\/klarafardiga.com\/index.php?rest_route=%2Fwp%2Fv2%2Fcomments&post=126"}],"version-history":[{"count":0,"href":"https:\/\/klarafardiga.com\/index.php?rest_route=\/wp\/v2\/posts\/126\/revisions"}],"wp:attachment":[{"href":"https:\/\/klarafardiga.com\/index.php?rest_route=%2Fwp%2Fv2%2Fmedia&parent=126"}],"wp:term":[{"taxonomy":"category","embeddable":true,"href":"https:\/\/klarafardiga.com\/index.php?rest_route=%2Fwp%2Fv2%2Fcategories&post=126"},{"taxonomy":"post_tag","embeddable":true,"href":"https:\/\/klarafardiga.com\/index.php?rest_route=%2Fwp%2Fv2%2Ftags&post=126"}],"curies":[{"name":"wp","href":"https:\/\/api.w.org\/{rel}","templated":true}]}}