{"id":125,"date":"2009-12-20T13:06:00","date_gmt":"2009-12-20T12:06:00","guid":{"rendered":"http:\/\/klarafardiga.com\/?p=125"},"modified":"2009-12-20T13:06:00","modified_gmt":"2009-12-20T12:06:00","slug":"julstamning","status":"publish","type":"post","link":"https:\/\/klarafardiga.com\/?p=125","title":{"rendered":"Julst\u00e4mning&#8230;"},"content":{"rendered":"<p>Sn\u00f6\u00f6\u00f6\u00f6 och massor av minusgrader, \u00e4ntligen lite julst\u00e4mning \ud83d\ude42 Idag har jag och barnen kl\u00e4tt julgranen. En riktigt ful gran, n\u00e5ja den blev lite snyggare med all dekoration p\u00e5. Vi har gjort kristyrdekorationer i miniformat och dekorerat v\u00e5r minigran Jag anv\u00e4nde mig av <a href=\"http:\/\/www.klarafardiga.com\/\"><strong>miniatyrpepparkaksformar<\/strong> <\/a>och stansade ut i &#8221;degen&#8221; det g\u00e4ller att f\u00e5 r\u00e4tt konsistens p\u00e5 det hela s\u00e5 fungerar det bra. Det <a href=\"http:\/\/www.klarafardiga.com\/\"><strong>r\u00f6da bomullssn\u00f6ret<\/strong> <\/a>fastnade l\u00e4tt p\u00e5 baksidan sen fick allt torka i ca 15 timmar.<\/p>\n<p>1 \u00e4ggvita<br \/>2 -3 dl dl florsocker<br \/>1\/2 tesked \u00e4ttiksprits<br \/>Sm\u00f6rpapper, pepparkaksform och sn\u00f6re.<\/p>\n<p>Blanda ingredienserna tills det blir en blank smet, ganska h\u00e5rd.<\/p>\n<p><a href=\"http:\/\/3.bp.blogspot.com\/_rCm4mArCkLE\/Sy4FrR0lZzI\/AAAAAAAABuI\/Ob3olVhA0RU\/s1600-h\/kristyrstjarna01.jpg\"><img decoding=\"async\" style=\"TEXT-ALIGN: center; MARGIN: 0px auto 10px; WIDTH: 400px; DISPLAY: block; HEIGHT: 285px; CURSOR: hand\" id=\"BLOGGER_PHOTO_ID_5417273642849756978\" border=\"0\" alt=\"\" src=\"http:\/\/3.bp.blogspot.com\/_rCm4mArCkLE\/Sy4FrR0lZzI\/AAAAAAAABuI\/Ob3olVhA0RU\/s400\/kristyrstjarna01.jpg\" \/><\/a><\/p>\n<div><a href=\"http:\/\/1.bp.blogspot.com\/_rCm4mArCkLE\/Sy4Fqwx9HlI\/AAAAAAAABuA\/2_kv4S63kew\/s1600-h\/kristyrstjarna.jpg\"><img decoding=\"async\" style=\"TEXT-ALIGN: center; MARGIN: 0px auto 10px; WIDTH: 400px; DISPLAY: block; HEIGHT: 266px; CURSOR: hand\" id=\"BLOGGER_PHOTO_ID_5417273633980358226\" border=\"0\" alt=\"\" src=\"http:\/\/1.bp.blogspot.com\/_rCm4mArCkLE\/Sy4Fqwx9HlI\/AAAAAAAABuA\/2_kv4S63kew\/s400\/kristyrstjarna.jpg\" \/><\/a> En h\u00e4rlig vintermorgon innan solen g\u00e5tt upp&#8230;<\/p>\n<div><a href=\"http:\/\/1.bp.blogspot.com\/_rCm4mArCkLE\/Sy4Fq585WfI\/AAAAAAAABt4\/O3oUZn75rL8\/s1600-h\/vinterbild01.jpg\"><img decoding=\"async\" style=\"TEXT-ALIGN: center; MARGIN: 0px auto 10px; WIDTH: 400px; DISPLAY: block; HEIGHT: 266px; CURSOR: hand\" id=\"BLOGGER_PHOTO_ID_5417273636442167794\" border=\"0\" alt=\"\" src=\"http:\/\/1.bp.blogspot.com\/_rCm4mArCkLE\/Sy4Fq585WfI\/AAAAAAAABt4\/O3oUZn75rL8\/s400\/vinterbild01.jpg\" \/><\/a><br \/>Frostiga f\u00f6nster p\u00e5 altanen&#8230;<\/p>\n<div><a href=\"http:\/\/1.bp.blogspot.com\/_rCm4mArCkLE\/Sy4FqeN38UI\/AAAAAAAABtw\/vdHkkx6Pq6I\/s1600-h\/vinterbild.jpg\"><img decoding=\"async\" style=\"TEXT-ALIGN: center; MARGIN: 0px auto 10px; WIDTH: 400px; DISPLAY: block; HEIGHT: 266px; CURSOR: hand\" id=\"BLOGGER_PHOTO_ID_5417273628997185858\" border=\"0\" alt=\"\" src=\"http:\/\/1.bp.blogspot.com\/_rCm4mArCkLE\/Sy4FqeN38UI\/AAAAAAAABtw\/vdHkkx6Pq6I\/s400\/vinterbild.jpg\" \/><\/a> Ha, ha&#8230; fick avbryta skrivandet, storebror knuffar in lillasyster i granen&#8230; kulorna flyger och paketen p\u00e5 golvet f\u00e5r sig en t\u00f6rn&#8230; allt \u00e4r inte ljuvligt fast det \u00e4r jul \ud83d\ude09<\/p>\n<p>Ha en h\u00e4rlig vecka!<\/p><\/div>\n<div>Kram Helena<\/p>\n<div><\/div>\n<\/div>\n<\/div>\n<\/div>\n","protected":false},"excerpt":{"rendered":"<p>Sn\u00f6\u00f6\u00f6\u00f6 och massor av minusgrader, \u00e4ntligen lite julst\u00e4mning \ud83d\ude42 Idag har jag och barnen kl\u00e4tt julgranen. En riktigt ful gran, n\u00e5ja den blev lite snyggare med all dekoration p\u00e5. Vi har gjort kristyrdekorationer i miniformat och dekorerat v\u00e5r minigran Jag anv\u00e4nde mig av miniatyrpepparkaksformar och stansade ut i &#8221;degen&#8221; det g\u00e4ller att f\u00e5 r\u00e4tt konsistens p\u00e5 det hela s\u00e5 fungerar det bra. Det r\u00f6da bomullssn\u00f6ret fastnade l\u00e4tt p\u00e5 baksidan sen fick allt torka i ca 15 timmar. 1 \u00e4ggvita2 -3 dl dl florsocker1\/2 tesked \u00e4ttikspritsSm\u00f6rpapper, pepparkaksform och sn\u00f6re. Blanda ingredienserna tills det blir en blank smet, ganska h\u00e5rd. En h\u00e4rlig vintermorgon innan solen g\u00e5tt upp&#8230; Frostiga f\u00f6nster p\u00e5 altanen&#8230; Ha, ha&#8230; fick avbryta skrivandet, storebror knuffar in lillasyster i granen&#8230; kulorna flyger och paketen p\u00e5 golvet f\u00e5r sig en t\u00f6rn&#8230; allt \u00e4r inte ljuvligt fast det \u00e4r jul \ud83d\ude09 Ha en h\u00e4rlig vecka! Kram Helena<\/p>\n","protected":false},"author":1,"featured_media":0,"comment_status":"open","ping_status":"open","sticky":false,"template":"","format":"standard","meta":{"footnotes":""},"categories":[9,8,12],"tags":[],"yoast_head":"<!-- This site is optimized with the Yoast SEO plugin v23.5 - https:\/\/yoast.com\/wordpress\/plugins\/seo\/ -->\n<title>Julst\u00e4mning... - Baka med KlaraForm<\/title>\n<meta name=\"robots\" content=\"index, follow, max-snippet:-1, max-image-preview:large, max-video-preview:-1\" \/>\n<link rel=\"canonical\" href=\"https:\/\/klarafardiga.com\/?p=125\" \/>\n<meta property=\"og:locale\" content=\"sv_SE\" \/>\n<meta property=\"og:type\" content=\"article\" \/>\n<meta property=\"og:title\" content=\"Julst\u00e4mning... - Baka med KlaraForm\" \/>\n<meta property=\"og:description\" content=\"Sn\u00f6\u00f6\u00f6\u00f6 och massor av minusgrader, \u00e4ntligen lite julst\u00e4mning \ud83d\ude42 Idag har jag och barnen kl\u00e4tt julgranen. En riktigt ful gran, n\u00e5ja den blev lite snyggare med all dekoration p\u00e5. Vi har gjort kristyrdekorationer i miniformat och dekorerat v\u00e5r minigran Jag anv\u00e4nde mig av miniatyrpepparkaksformar och stansade ut i &#8221;degen&#8221; det g\u00e4ller att f\u00e5 r\u00e4tt konsistens p\u00e5 det hela s\u00e5 fungerar det bra. Det r\u00f6da bomullssn\u00f6ret fastnade l\u00e4tt p\u00e5 baksidan sen fick allt torka i ca 15 timmar. 1 \u00e4ggvita2 -3 dl dl florsocker1\/2 tesked \u00e4ttikspritsSm\u00f6rpapper, pepparkaksform och sn\u00f6re. Blanda ingredienserna tills det blir en blank smet, ganska h\u00e5rd. En h\u00e4rlig vintermorgon innan solen g\u00e5tt upp&#8230; Frostiga f\u00f6nster p\u00e5 altanen&#8230; Ha, ha&#8230; fick avbryta skrivandet, storebror knuffar in lillasyster i granen&#8230; kulorna flyger och paketen p\u00e5 golvet f\u00e5r sig en t\u00f6rn&#8230; allt \u00e4r inte ljuvligt fast det \u00e4r jul \ud83d\ude09 Ha en h\u00e4rlig vecka! Kram Helena\" \/>\n<meta property=\"og:url\" content=\"https:\/\/klarafardiga.com\/?p=125\" \/>\n<meta property=\"og:site_name\" content=\"Baka med KlaraForm\" \/>\n<meta property=\"article:published_time\" content=\"2009-12-20T12:06:00+00:00\" \/>\n<meta property=\"og:image\" content=\"http:\/\/3.bp.blogspot.com\/_rCm4mArCkLE\/Sy4FrR0lZzI\/AAAAAAAABuI\/Ob3olVhA0RU\/s400\/kristyrstjarna01.jpg\" \/>\n<meta name=\"author\" content=\"admin\" \/>\n<meta name=\"twitter:card\" content=\"summary_large_image\" \/>\n<meta name=\"twitter:label1\" content=\"Skriven av\" \/>\n\t<meta name=\"twitter:data1\" content=\"admin\" \/>\n\t<meta name=\"twitter:label2\" content=\"Ber\u00e4knad l\u00e4stid\" \/>\n\t<meta name=\"twitter:data2\" content=\"1 minut\" \/>\n<script type=\"application\/ld+json\" class=\"yoast-schema-graph\">{\"@context\":\"https:\/\/schema.org\",\"@graph\":[{\"@type\":\"WebPage\",\"@id\":\"https:\/\/klarafardiga.com\/?p=125\",\"url\":\"https:\/\/klarafardiga.com\/?p=125\",\"name\":\"Julst\u00e4mning... - Baka med KlaraForm\",\"isPartOf\":{\"@id\":\"https:\/\/klarafardiga.com\/#website\"},\"primaryImageOfPage\":{\"@id\":\"https:\/\/klarafardiga.com\/?p=125#primaryimage\"},\"image\":{\"@id\":\"https:\/\/klarafardiga.com\/?p=125#primaryimage\"},\"thumbnailUrl\":\"http:\/\/3.bp.blogspot.com\/_rCm4mArCkLE\/Sy4FrR0lZzI\/AAAAAAAABuI\/Ob3olVhA0RU\/s400\/kristyrstjarna01.jpg\",\"datePublished\":\"2009-12-20T12:06:00+00:00\",\"dateModified\":\"2009-12-20T12:06:00+00:00\",\"author\":{\"@id\":\"https:\/\/klarafardiga.com\/#\/schema\/person\/0f54ba1da7c4c21dd7411ed3a8e9f8c0\"},\"breadcrumb\":{\"@id\":\"https:\/\/klarafardiga.com\/?p=125#breadcrumb\"},\"inLanguage\":\"sv-SE\",\"potentialAction\":[{\"@type\":\"ReadAction\",\"target\":[\"https:\/\/klarafardiga.com\/?p=125\"]}]},{\"@type\":\"ImageObject\",\"inLanguage\":\"sv-SE\",\"@id\":\"https:\/\/klarafardiga.com\/?p=125#primaryimage\",\"url\":\"http:\/\/3.bp.blogspot.com\/_rCm4mArCkLE\/Sy4FrR0lZzI\/AAAAAAAABuI\/Ob3olVhA0RU\/s400\/kristyrstjarna01.jpg\",\"contentUrl\":\"http:\/\/3.bp.blogspot.com\/_rCm4mArCkLE\/Sy4FrR0lZzI\/AAAAAAAABuI\/Ob3olVhA0RU\/s400\/kristyrstjarna01.jpg\"},{\"@type\":\"BreadcrumbList\",\"@id\":\"https:\/\/klarafardiga.com\/?p=125#breadcrumb\",\"itemListElement\":[{\"@type\":\"ListItem\",\"position\":1,\"name\":\"Hem\",\"item\":\"https:\/\/klarafardiga.com\/\"},{\"@type\":\"ListItem\",\"position\":2,\"name\":\"Julst\u00e4mning&#8230;\"}]},{\"@type\":\"WebSite\",\"@id\":\"https:\/\/klarafardiga.com\/#website\",\"url\":\"https:\/\/klarafardiga.com\/\",\"name\":\"Baka med KlaraForm\",\"description\":\"Recept, tips och nyheter i butiken\",\"potentialAction\":[{\"@type\":\"SearchAction\",\"target\":{\"@type\":\"EntryPoint\",\"urlTemplate\":\"https:\/\/klarafardiga.com\/?s={search_term_string}\"},\"query-input\":{\"@type\":\"PropertyValueSpecification\",\"valueRequired\":true,\"valueName\":\"search_term_string\"}}],\"inLanguage\":\"sv-SE\"},{\"@type\":\"Person\",\"@id\":\"https:\/\/klarafardiga.com\/#\/schema\/person\/0f54ba1da7c4c21dd7411ed3a8e9f8c0\",\"name\":\"admin\",\"image\":{\"@type\":\"ImageObject\",\"inLanguage\":\"sv-SE\",\"@id\":\"https:\/\/klarafardiga.com\/#\/schema\/person\/image\/\",\"url\":\"https:\/\/secure.gravatar.com\/avatar\/356da59eaae0a6e58215761d8e8dabed?s=96&d=mm&r=g\",\"contentUrl\":\"https:\/\/secure.gravatar.com\/avatar\/356da59eaae0a6e58215761d8e8dabed?s=96&d=mm&r=g\",\"caption\":\"admin\"},\"sameAs\":[\"http:\/\/www.klaraform.se\"],\"url\":\"https:\/\/klarafardiga.com\/?author=1\"}]}<\/script>\n<!-- \/ Yoast SEO plugin. -->","yoast_head_json":{"title":"Julst\u00e4mning... - Baka med KlaraForm","robots":{"index":"index","follow":"follow","max-snippet":"max-snippet:-1","max-image-preview":"max-image-preview:large","max-video-preview":"max-video-preview:-1"},"canonical":"https:\/\/klarafardiga.com\/?p=125","og_locale":"sv_SE","og_type":"article","og_title":"Julst\u00e4mning... - Baka med KlaraForm","og_description":"Sn\u00f6\u00f6\u00f6\u00f6 och massor av minusgrader, \u00e4ntligen lite julst\u00e4mning \ud83d\ude42 Idag har jag och barnen kl\u00e4tt julgranen. En riktigt ful gran, n\u00e5ja den blev lite snyggare med all dekoration p\u00e5. Vi har gjort kristyrdekorationer i miniformat och dekorerat v\u00e5r minigran Jag anv\u00e4nde mig av miniatyrpepparkaksformar och stansade ut i &#8221;degen&#8221; det g\u00e4ller att f\u00e5 r\u00e4tt konsistens p\u00e5 det hela s\u00e5 fungerar det bra. Det r\u00f6da bomullssn\u00f6ret fastnade l\u00e4tt p\u00e5 baksidan sen fick allt torka i ca 15 timmar. 1 \u00e4ggvita2 -3 dl dl florsocker1\/2 tesked \u00e4ttikspritsSm\u00f6rpapper, pepparkaksform och sn\u00f6re. Blanda ingredienserna tills det blir en blank smet, ganska h\u00e5rd. En h\u00e4rlig vintermorgon innan solen g\u00e5tt upp&#8230; Frostiga f\u00f6nster p\u00e5 altanen&#8230; Ha, ha&#8230; fick avbryta skrivandet, storebror knuffar in lillasyster i granen&#8230; kulorna flyger och paketen p\u00e5 golvet f\u00e5r sig en t\u00f6rn&#8230; allt \u00e4r inte ljuvligt fast det \u00e4r jul \ud83d\ude09 Ha en h\u00e4rlig vecka! Kram Helena","og_url":"https:\/\/klarafardiga.com\/?p=125","og_site_name":"Baka med KlaraForm","article_published_time":"2009-12-20T12:06:00+00:00","og_image":[{"url":"http:\/\/3.bp.blogspot.com\/_rCm4mArCkLE\/Sy4FrR0lZzI\/AAAAAAAABuI\/Ob3olVhA0RU\/s400\/kristyrstjarna01.jpg"}],"author":"admin","twitter_card":"summary_large_image","twitter_misc":{"Skriven av":"admin","Ber\u00e4knad l\u00e4stid":"1 minut"},"schema":{"@context":"https:\/\/schema.org","@graph":[{"@type":"WebPage","@id":"https:\/\/klarafardiga.com\/?p=125","url":"https:\/\/klarafardiga.com\/?p=125","name":"Julst\u00e4mning... - Baka med KlaraForm","isPartOf":{"@id":"https:\/\/klarafardiga.com\/#website"},"primaryImageOfPage":{"@id":"https:\/\/klarafardiga.com\/?p=125#primaryimage"},"image":{"@id":"https:\/\/klarafardiga.com\/?p=125#primaryimage"},"thumbnailUrl":"http:\/\/3.bp.blogspot.com\/_rCm4mArCkLE\/Sy4FrR0lZzI\/AAAAAAAABuI\/Ob3olVhA0RU\/s400\/kristyrstjarna01.jpg","datePublished":"2009-12-20T12:06:00+00:00","dateModified":"2009-12-20T12:06:00+00:00","author":{"@id":"https:\/\/klarafardiga.com\/#\/schema\/person\/0f54ba1da7c4c21dd7411ed3a8e9f8c0"},"breadcrumb":{"@id":"https:\/\/klarafardiga.com\/?p=125#breadcrumb"},"inLanguage":"sv-SE","potentialAction":[{"@type":"ReadAction","target":["https:\/\/klarafardiga.com\/?p=125"]}]},{"@type":"ImageObject","inLanguage":"sv-SE","@id":"https:\/\/klarafardiga.com\/?p=125#primaryimage","url":"http:\/\/3.bp.blogspot.com\/_rCm4mArCkLE\/Sy4FrR0lZzI\/AAAAAAAABuI\/Ob3olVhA0RU\/s400\/kristyrstjarna01.jpg","contentUrl":"http:\/\/3.bp.blogspot.com\/_rCm4mArCkLE\/Sy4FrR0lZzI\/AAAAAAAABuI\/Ob3olVhA0RU\/s400\/kristyrstjarna01.jpg"},{"@type":"BreadcrumbList","@id":"https:\/\/klarafardiga.com\/?p=125#breadcrumb","itemListElement":[{"@type":"ListItem","position":1,"name":"Hem","item":"https:\/\/klarafardiga.com\/"},{"@type":"ListItem","position":2,"name":"Julst\u00e4mning&#8230;"}]},{"@type":"WebSite","@id":"https:\/\/klarafardiga.com\/#website","url":"https:\/\/klarafardiga.com\/","name":"Baka med KlaraForm","description":"Recept, tips och nyheter i butiken","potentialAction":[{"@type":"SearchAction","target":{"@type":"EntryPoint","urlTemplate":"https:\/\/klarafardiga.com\/?s={search_term_string}"},"query-input":{"@type":"PropertyValueSpecification","valueRequired":true,"valueName":"search_term_string"}}],"inLanguage":"sv-SE"},{"@type":"Person","@id":"https:\/\/klarafardiga.com\/#\/schema\/person\/0f54ba1da7c4c21dd7411ed3a8e9f8c0","name":"admin","image":{"@type":"ImageObject","inLanguage":"sv-SE","@id":"https:\/\/klarafardiga.com\/#\/schema\/person\/image\/","url":"https:\/\/secure.gravatar.com\/avatar\/356da59eaae0a6e58215761d8e8dabed?s=96&d=mm&r=g","contentUrl":"https:\/\/secure.gravatar.com\/avatar\/356da59eaae0a6e58215761d8e8dabed?s=96&d=mm&r=g","caption":"admin"},"sameAs":["http:\/\/www.klaraform.se"],"url":"https:\/\/klarafardiga.com\/?author=1"}]}},"_links":{"self":[{"href":"https:\/\/klarafardiga.com\/index.php?rest_route=\/wp\/v2\/posts\/125"}],"collection":[{"href":"https:\/\/klarafardiga.com\/index.php?rest_route=\/wp\/v2\/posts"}],"about":[{"href":"https:\/\/klarafardiga.com\/index.php?rest_route=\/wp\/v2\/types\/post"}],"author":[{"embeddable":true,"href":"https:\/\/klarafardiga.com\/index.php?rest_route=\/wp\/v2\/users\/1"}],"replies":[{"embeddable":true,"href":"https:\/\/klarafardiga.com\/index.php?rest_route=%2Fwp%2Fv2%2Fcomments&post=125"}],"version-history":[{"count":0,"href":"https:\/\/klarafardiga.com\/index.php?rest_route=\/wp\/v2\/posts\/125\/revisions"}],"wp:attachment":[{"href":"https:\/\/klarafardiga.com\/index.php?rest_route=%2Fwp%2Fv2%2Fmedia&parent=125"}],"wp:term":[{"taxonomy":"category","embeddable":true,"href":"https:\/\/klarafardiga.com\/index.php?rest_route=%2Fwp%2Fv2%2Fcategories&post=125"},{"taxonomy":"post_tag","embeddable":true,"href":"https:\/\/klarafardiga.com\/index.php?rest_route=%2Fwp%2Fv2%2Ftags&post=125"}],"curies":[{"name":"wp","href":"https:\/\/api.w.org\/{rel}","templated":true}]}}