{"id":119,"date":"2009-10-26T23:09:00","date_gmt":"2009-10-26T22:09:00","guid":{"rendered":"http:\/\/klarafardiga.com\/?p=119"},"modified":"2009-10-26T23:09:00","modified_gmt":"2009-10-26T22:09:00","slug":"dekorationsband-i-rott-och-vitt","status":"publish","type":"post","link":"https:\/\/klarafardiga.com\/?p=119","title":{"rendered":"Dekorationsband i r\u00f6tt och vitt&#8230;"},"content":{"rendered":"<p>Regnet bara \u00f6ser ner just nu, barnen har precis somnat. De har h\u00f6stlov och de \u00e4r sv\u00e5rt att f\u00e5 dem i s\u00e4ng i tid. Idag fick jag hj\u00e4lp av yngsta dottern att packa ordrar, hon \u00e4r en riktig hejare p\u00e5 att leta pepparkaksformar i mina l\u00e5dor. Klistra frim\u00e4rken \u00e4r ocks\u00e5 kul. J\u00e4tteskoj att barnen vill vara med och hj\u00e4lpa till \ud83d\ude42 nu fick jag lite tid \u00f6ver helt pl\u00f6tsligt d\u00e5 alla paket \u00e4r packade. Annars brukar jag s\u00e4tta ig\u00e5ng vid 20 tiden och bli klar fram\u00e5t 23.30&#8230; d\u00e5 g\u00e5r \u00f6gonen i kors &#8230;*fniss*<br \/>Nu har det \u00e4ven kommit r\u00f6d\/vitrutiga band till <a href=\"http:\/\/www.klarafardiga.com\/\"><strong>butiken<\/strong><\/a>, s\u00e5 fina s\u00e5\u00e5\u00e5\u00e5.<\/p>\n<p><a href=\"http:\/\/1.bp.blogspot.com\/_rCm4mArCkLE\/SuYQ_zJBjII\/AAAAAAAABso\/ZAvN4Rqh2qM\/s1600-h\/band.jpg\"><img decoding=\"async\" style=\"TEXT-ALIGN: center; MARGIN: 0px auto 10px; WIDTH: 400px; DISPLAY: block; HEIGHT: 266px; CURSOR: hand\" id=\"BLOGGER_PHOTO_ID_5397019891695979650\" border=\"0\" alt=\"\" src=\"http:\/\/1.bp.blogspot.com\/_rCm4mArCkLE\/SuYQ_zJBjII\/AAAAAAAABso\/ZAvN4Rqh2qM\/s400\/band.jpg\" \/><\/a> Ha en fortsatt bra vecka! Nu ska jag hinna surfa runt lite p\u00e5 alla h\u00e4rliga bloggar som finns.<br \/>Kram Helena<\/p>\n<div><\/div>\n","protected":false},"excerpt":{"rendered":"<p>Regnet bara \u00f6ser ner just nu, barnen har precis somnat. De har h\u00f6stlov och de \u00e4r sv\u00e5rt att f\u00e5 dem i s\u00e4ng i tid. Idag fick jag hj\u00e4lp av yngsta dottern att packa ordrar, hon \u00e4r en riktig hejare p\u00e5 att leta pepparkaksformar i mina l\u00e5dor. Klistra frim\u00e4rken \u00e4r ocks\u00e5 kul. J\u00e4tteskoj att barnen vill vara med och hj\u00e4lpa till \ud83d\ude42 nu fick jag lite tid \u00f6ver helt pl\u00f6tsligt d\u00e5 alla paket \u00e4r packade. Annars brukar jag s\u00e4tta ig\u00e5ng vid 20 tiden och bli klar fram\u00e5t 23.30&#8230; d\u00e5 g\u00e5r \u00f6gonen i kors &#8230;*fniss*Nu har det \u00e4ven kommit r\u00f6d\/vitrutiga band till butiken, s\u00e5 fina s\u00e5\u00e5\u00e5\u00e5. Ha en fortsatt bra vecka! Nu ska jag hinna surfa runt lite p\u00e5 alla h\u00e4rliga bloggar som finns.Kram Helena<\/p>\n","protected":false},"author":1,"featured_media":0,"comment_status":"open","ping_status":"open","sticky":false,"template":"","format":"standard","meta":{"footnotes":""},"categories":[8,4],"tags":[],"yoast_head":"<!-- This site is optimized with the Yoast SEO plugin v23.5 - https:\/\/yoast.com\/wordpress\/plugins\/seo\/ -->\n<title>Dekorationsband i r\u00f6tt och vitt... - Baka med KlaraForm<\/title>\n<meta name=\"robots\" content=\"index, follow, max-snippet:-1, max-image-preview:large, max-video-preview:-1\" \/>\n<link rel=\"canonical\" href=\"https:\/\/klarafardiga.com\/?p=119\" \/>\n<meta property=\"og:locale\" content=\"sv_SE\" \/>\n<meta property=\"og:type\" content=\"article\" \/>\n<meta property=\"og:title\" content=\"Dekorationsband i r\u00f6tt och vitt... - Baka med KlaraForm\" \/>\n<meta property=\"og:description\" content=\"Regnet bara \u00f6ser ner just nu, barnen har precis somnat. De har h\u00f6stlov och de \u00e4r sv\u00e5rt att f\u00e5 dem i s\u00e4ng i tid. Idag fick jag hj\u00e4lp av yngsta dottern att packa ordrar, hon \u00e4r en riktig hejare p\u00e5 att leta pepparkaksformar i mina l\u00e5dor. Klistra frim\u00e4rken \u00e4r ocks\u00e5 kul. J\u00e4tteskoj att barnen vill vara med och hj\u00e4lpa till \ud83d\ude42 nu fick jag lite tid \u00f6ver helt pl\u00f6tsligt d\u00e5 alla paket \u00e4r packade. Annars brukar jag s\u00e4tta ig\u00e5ng vid 20 tiden och bli klar fram\u00e5t 23.30&#8230; d\u00e5 g\u00e5r \u00f6gonen i kors &#8230;*fniss*Nu har det \u00e4ven kommit r\u00f6d\/vitrutiga band till butiken, s\u00e5 fina s\u00e5\u00e5\u00e5\u00e5. Ha en fortsatt bra vecka! Nu ska jag hinna surfa runt lite p\u00e5 alla h\u00e4rliga bloggar som finns.Kram Helena\" \/>\n<meta property=\"og:url\" content=\"https:\/\/klarafardiga.com\/?p=119\" \/>\n<meta property=\"og:site_name\" content=\"Baka med KlaraForm\" \/>\n<meta property=\"article:published_time\" content=\"2009-10-26T22:09:00+00:00\" \/>\n<meta property=\"og:image\" content=\"http:\/\/1.bp.blogspot.com\/_rCm4mArCkLE\/SuYQ_zJBjII\/AAAAAAAABso\/ZAvN4Rqh2qM\/s400\/band.jpg\" \/>\n<meta name=\"author\" content=\"admin\" \/>\n<meta name=\"twitter:card\" content=\"summary_large_image\" \/>\n<meta name=\"twitter:label1\" content=\"Skriven av\" \/>\n\t<meta name=\"twitter:data1\" content=\"admin\" \/>\n\t<meta name=\"twitter:label2\" content=\"Ber\u00e4knad l\u00e4stid\" \/>\n\t<meta name=\"twitter:data2\" content=\"1 minut\" \/>\n<script type=\"application\/ld+json\" class=\"yoast-schema-graph\">{\"@context\":\"https:\/\/schema.org\",\"@graph\":[{\"@type\":\"WebPage\",\"@id\":\"https:\/\/klarafardiga.com\/?p=119\",\"url\":\"https:\/\/klarafardiga.com\/?p=119\",\"name\":\"Dekorationsband i r\u00f6tt och vitt... - Baka med KlaraForm\",\"isPartOf\":{\"@id\":\"https:\/\/klarafardiga.com\/#website\"},\"primaryImageOfPage\":{\"@id\":\"https:\/\/klarafardiga.com\/?p=119#primaryimage\"},\"image\":{\"@id\":\"https:\/\/klarafardiga.com\/?p=119#primaryimage\"},\"thumbnailUrl\":\"http:\/\/1.bp.blogspot.com\/_rCm4mArCkLE\/SuYQ_zJBjII\/AAAAAAAABso\/ZAvN4Rqh2qM\/s400\/band.jpg\",\"datePublished\":\"2009-10-26T22:09:00+00:00\",\"dateModified\":\"2009-10-26T22:09:00+00:00\",\"author\":{\"@id\":\"https:\/\/klarafardiga.com\/#\/schema\/person\/0f54ba1da7c4c21dd7411ed3a8e9f8c0\"},\"breadcrumb\":{\"@id\":\"https:\/\/klarafardiga.com\/?p=119#breadcrumb\"},\"inLanguage\":\"sv-SE\",\"potentialAction\":[{\"@type\":\"ReadAction\",\"target\":[\"https:\/\/klarafardiga.com\/?p=119\"]}]},{\"@type\":\"ImageObject\",\"inLanguage\":\"sv-SE\",\"@id\":\"https:\/\/klarafardiga.com\/?p=119#primaryimage\",\"url\":\"http:\/\/1.bp.blogspot.com\/_rCm4mArCkLE\/SuYQ_zJBjII\/AAAAAAAABso\/ZAvN4Rqh2qM\/s400\/band.jpg\",\"contentUrl\":\"http:\/\/1.bp.blogspot.com\/_rCm4mArCkLE\/SuYQ_zJBjII\/AAAAAAAABso\/ZAvN4Rqh2qM\/s400\/band.jpg\"},{\"@type\":\"BreadcrumbList\",\"@id\":\"https:\/\/klarafardiga.com\/?p=119#breadcrumb\",\"itemListElement\":[{\"@type\":\"ListItem\",\"position\":1,\"name\":\"Hem\",\"item\":\"https:\/\/klarafardiga.com\/\"},{\"@type\":\"ListItem\",\"position\":2,\"name\":\"Dekorationsband i r\u00f6tt och vitt&#8230;\"}]},{\"@type\":\"WebSite\",\"@id\":\"https:\/\/klarafardiga.com\/#website\",\"url\":\"https:\/\/klarafardiga.com\/\",\"name\":\"Baka med KlaraForm\",\"description\":\"Recept, tips och nyheter i butiken\",\"potentialAction\":[{\"@type\":\"SearchAction\",\"target\":{\"@type\":\"EntryPoint\",\"urlTemplate\":\"https:\/\/klarafardiga.com\/?s={search_term_string}\"},\"query-input\":{\"@type\":\"PropertyValueSpecification\",\"valueRequired\":true,\"valueName\":\"search_term_string\"}}],\"inLanguage\":\"sv-SE\"},{\"@type\":\"Person\",\"@id\":\"https:\/\/klarafardiga.com\/#\/schema\/person\/0f54ba1da7c4c21dd7411ed3a8e9f8c0\",\"name\":\"admin\",\"image\":{\"@type\":\"ImageObject\",\"inLanguage\":\"sv-SE\",\"@id\":\"https:\/\/klarafardiga.com\/#\/schema\/person\/image\/\",\"url\":\"https:\/\/secure.gravatar.com\/avatar\/356da59eaae0a6e58215761d8e8dabed?s=96&d=mm&r=g\",\"contentUrl\":\"https:\/\/secure.gravatar.com\/avatar\/356da59eaae0a6e58215761d8e8dabed?s=96&d=mm&r=g\",\"caption\":\"admin\"},\"sameAs\":[\"http:\/\/www.klaraform.se\"],\"url\":\"https:\/\/klarafardiga.com\/?author=1\"}]}<\/script>\n<!-- \/ Yoast SEO plugin. -->","yoast_head_json":{"title":"Dekorationsband i r\u00f6tt och vitt... - Baka med KlaraForm","robots":{"index":"index","follow":"follow","max-snippet":"max-snippet:-1","max-image-preview":"max-image-preview:large","max-video-preview":"max-video-preview:-1"},"canonical":"https:\/\/klarafardiga.com\/?p=119","og_locale":"sv_SE","og_type":"article","og_title":"Dekorationsband i r\u00f6tt och vitt... - Baka med KlaraForm","og_description":"Regnet bara \u00f6ser ner just nu, barnen har precis somnat. De har h\u00f6stlov och de \u00e4r sv\u00e5rt att f\u00e5 dem i s\u00e4ng i tid. Idag fick jag hj\u00e4lp av yngsta dottern att packa ordrar, hon \u00e4r en riktig hejare p\u00e5 att leta pepparkaksformar i mina l\u00e5dor. Klistra frim\u00e4rken \u00e4r ocks\u00e5 kul. J\u00e4tteskoj att barnen vill vara med och hj\u00e4lpa till \ud83d\ude42 nu fick jag lite tid \u00f6ver helt pl\u00f6tsligt d\u00e5 alla paket \u00e4r packade. Annars brukar jag s\u00e4tta ig\u00e5ng vid 20 tiden och bli klar fram\u00e5t 23.30&#8230; d\u00e5 g\u00e5r \u00f6gonen i kors &#8230;*fniss*Nu har det \u00e4ven kommit r\u00f6d\/vitrutiga band till butiken, s\u00e5 fina s\u00e5\u00e5\u00e5\u00e5. Ha en fortsatt bra vecka! Nu ska jag hinna surfa runt lite p\u00e5 alla h\u00e4rliga bloggar som finns.Kram Helena","og_url":"https:\/\/klarafardiga.com\/?p=119","og_site_name":"Baka med KlaraForm","article_published_time":"2009-10-26T22:09:00+00:00","og_image":[{"url":"http:\/\/1.bp.blogspot.com\/_rCm4mArCkLE\/SuYQ_zJBjII\/AAAAAAAABso\/ZAvN4Rqh2qM\/s400\/band.jpg"}],"author":"admin","twitter_card":"summary_large_image","twitter_misc":{"Skriven av":"admin","Ber\u00e4knad l\u00e4stid":"1 minut"},"schema":{"@context":"https:\/\/schema.org","@graph":[{"@type":"WebPage","@id":"https:\/\/klarafardiga.com\/?p=119","url":"https:\/\/klarafardiga.com\/?p=119","name":"Dekorationsband i r\u00f6tt och vitt... - Baka med KlaraForm","isPartOf":{"@id":"https:\/\/klarafardiga.com\/#website"},"primaryImageOfPage":{"@id":"https:\/\/klarafardiga.com\/?p=119#primaryimage"},"image":{"@id":"https:\/\/klarafardiga.com\/?p=119#primaryimage"},"thumbnailUrl":"http:\/\/1.bp.blogspot.com\/_rCm4mArCkLE\/SuYQ_zJBjII\/AAAAAAAABso\/ZAvN4Rqh2qM\/s400\/band.jpg","datePublished":"2009-10-26T22:09:00+00:00","dateModified":"2009-10-26T22:09:00+00:00","author":{"@id":"https:\/\/klarafardiga.com\/#\/schema\/person\/0f54ba1da7c4c21dd7411ed3a8e9f8c0"},"breadcrumb":{"@id":"https:\/\/klarafardiga.com\/?p=119#breadcrumb"},"inLanguage":"sv-SE","potentialAction":[{"@type":"ReadAction","target":["https:\/\/klarafardiga.com\/?p=119"]}]},{"@type":"ImageObject","inLanguage":"sv-SE","@id":"https:\/\/klarafardiga.com\/?p=119#primaryimage","url":"http:\/\/1.bp.blogspot.com\/_rCm4mArCkLE\/SuYQ_zJBjII\/AAAAAAAABso\/ZAvN4Rqh2qM\/s400\/band.jpg","contentUrl":"http:\/\/1.bp.blogspot.com\/_rCm4mArCkLE\/SuYQ_zJBjII\/AAAAAAAABso\/ZAvN4Rqh2qM\/s400\/band.jpg"},{"@type":"BreadcrumbList","@id":"https:\/\/klarafardiga.com\/?p=119#breadcrumb","itemListElement":[{"@type":"ListItem","position":1,"name":"Hem","item":"https:\/\/klarafardiga.com\/"},{"@type":"ListItem","position":2,"name":"Dekorationsband i r\u00f6tt och vitt&#8230;"}]},{"@type":"WebSite","@id":"https:\/\/klarafardiga.com\/#website","url":"https:\/\/klarafardiga.com\/","name":"Baka med KlaraForm","description":"Recept, tips och nyheter i butiken","potentialAction":[{"@type":"SearchAction","target":{"@type":"EntryPoint","urlTemplate":"https:\/\/klarafardiga.com\/?s={search_term_string}"},"query-input":{"@type":"PropertyValueSpecification","valueRequired":true,"valueName":"search_term_string"}}],"inLanguage":"sv-SE"},{"@type":"Person","@id":"https:\/\/klarafardiga.com\/#\/schema\/person\/0f54ba1da7c4c21dd7411ed3a8e9f8c0","name":"admin","image":{"@type":"ImageObject","inLanguage":"sv-SE","@id":"https:\/\/klarafardiga.com\/#\/schema\/person\/image\/","url":"https:\/\/secure.gravatar.com\/avatar\/356da59eaae0a6e58215761d8e8dabed?s=96&d=mm&r=g","contentUrl":"https:\/\/secure.gravatar.com\/avatar\/356da59eaae0a6e58215761d8e8dabed?s=96&d=mm&r=g","caption":"admin"},"sameAs":["http:\/\/www.klaraform.se"],"url":"https:\/\/klarafardiga.com\/?author=1"}]}},"_links":{"self":[{"href":"https:\/\/klarafardiga.com\/index.php?rest_route=\/wp\/v2\/posts\/119"}],"collection":[{"href":"https:\/\/klarafardiga.com\/index.php?rest_route=\/wp\/v2\/posts"}],"about":[{"href":"https:\/\/klarafardiga.com\/index.php?rest_route=\/wp\/v2\/types\/post"}],"author":[{"embeddable":true,"href":"https:\/\/klarafardiga.com\/index.php?rest_route=\/wp\/v2\/users\/1"}],"replies":[{"embeddable":true,"href":"https:\/\/klarafardiga.com\/index.php?rest_route=%2Fwp%2Fv2%2Fcomments&post=119"}],"version-history":[{"count":0,"href":"https:\/\/klarafardiga.com\/index.php?rest_route=\/wp\/v2\/posts\/119\/revisions"}],"wp:attachment":[{"href":"https:\/\/klarafardiga.com\/index.php?rest_route=%2Fwp%2Fv2%2Fmedia&parent=119"}],"wp:term":[{"taxonomy":"category","embeddable":true,"href":"https:\/\/klarafardiga.com\/index.php?rest_route=%2Fwp%2Fv2%2Fcategories&post=119"},{"taxonomy":"post_tag","embeddable":true,"href":"https:\/\/klarafardiga.com\/index.php?rest_route=%2Fwp%2Fv2%2Ftags&post=119"}],"curies":[{"name":"wp","href":"https:\/\/api.w.org\/{rel}","templated":true}]}}