{"id":116,"date":"2009-10-04T19:51:00","date_gmt":"2009-10-04T17:51:00","guid":{"rendered":"http:\/\/klarafardiga.com\/?p=116"},"modified":"2009-10-04T19:51:00","modified_gmt":"2009-10-04T17:51:00","slug":"min-kreativa-son","status":"publish","type":"post","link":"https:\/\/klarafardiga.com\/?p=116","title":{"rendered":"Min kreativa son&#8230;"},"content":{"rendered":"<div>Idag har jag och sonen haft en hel dag f\u00f6r oss sj\u00e4lva. Vi storst\u00e4dade hans rum bl.a. Alltid n\u00e4r rummet \u00e4r toppst\u00e4dat kommer hans kreativa sida fram. Det b\u00e4sta som finns \u00e4r mammas sytr\u00e5d, pappkartonger och tejp. Efter storst\u00e4dningen drog han sytr\u00e5den kors och tv\u00e4rs genom rummet, det var laserstr\u00e5lar som man inte fick nudda och l\u00e4ngst bort i rummet fanns en skatt&#8230; M\u00e5ste s\u00e4ga att jag ibland inf\u00f6r tejpf\u00f6rbud och g\u00f6mmer alla tr\u00e5drullar \ud83d\ude09 Men jag vill ju inte ta d\u00f6d p\u00e5 hans kreativa sida och f\u00f6r det mesta f\u00e5r han greja hur mycket han vill och hans rum ser ut som en riktig verkstad. \u00c4r det n\u00e5&#8217;n som k\u00e4nner igen sig *fniss*<\/p>\n<\/div>\n<p><\/p>\n<p><img decoding=\"async\" style=\"TEXT-ALIGN: center; MARGIN: 0px auto 10px; WIDTH: 400px; DISPLAY: block; HEIGHT: 266px; CURSOR: hand\" id=\"BLOGGER_PHOTO_ID_5388806146860031522\" border=\"0\" alt=\"\" src=\"http:\/\/2.bp.blogspot.com\/_rCm4mArCkLE\/Ssjio7MIniI\/AAAAAAAABr4\/2w_y1ryIFEs\/s400\/sytrad.jpg\" \/><img decoding=\"async\" style=\"TEXT-ALIGN: center; MARGIN: 0px auto 10px; WIDTH: 400px; DISPLAY: block; HEIGHT: 266px; CURSOR: hand\" id=\"BLOGGER_PHOTO_ID_5388806153418018690\" border=\"0\" alt=\"\" src=\"http:\/\/3.bp.blogspot.com\/_rCm4mArCkLE\/SsjipTnrj4I\/AAAAAAAABsA\/ciGenEVYQug\/s400\/sytrad_01.jpg\" \/> <img decoding=\"async\" style=\"TEXT-ALIGN: center; MARGIN: 0px auto 10px; WIDTH: 400px; DISPLAY: block; HEIGHT: 259px; CURSOR: hand\" id=\"BLOGGER_PHOTO_ID_5388826781145704594\" border=\"0\" alt=\"\" src=\"http:\/\/3.bp.blogspot.com\/_rCm4mArCkLE\/Ssj1Z_5NKJI\/AAAAAAAABsI\/hC4KLK2qFpw\/s400\/bulle_03.jpg\" \/><\/p>\n<p>Idag har det varit kanelbullens dag ocks\u00e5, tyv\u00e4rr hann vi inte baka men en bild p\u00e5 bullar hade jag p\u00e5 &#8221;lager&#8221; i alla fall \ud83d\ude09<\/p>\n<div><\/p>\n<div>Ha en h\u00e4rlig h\u00f6stvecka allihopa!<\/div>\n<p><\/p>\n<div>Kram allihopa och tack f\u00f6r alla kommentarer, l\u00e4ser allt och bes\u00f6ker er alla.<\/div>\n<\/div>\n","protected":false},"excerpt":{"rendered":"<p>Idag har jag och sonen haft en hel dag f\u00f6r oss sj\u00e4lva. Vi storst\u00e4dade hans rum bl.a. Alltid n\u00e4r rummet \u00e4r toppst\u00e4dat kommer hans kreativa sida fram. Det b\u00e4sta som finns \u00e4r mammas sytr\u00e5d, pappkartonger och tejp. Efter storst\u00e4dningen drog han sytr\u00e5den kors och tv\u00e4rs genom rummet, det var laserstr\u00e5lar som man inte fick nudda och l\u00e4ngst bort i rummet fanns en skatt&#8230; M\u00e5ste s\u00e4ga att jag ibland inf\u00f6r tejpf\u00f6rbud och g\u00f6mmer alla tr\u00e5drullar \ud83d\ude09 Men jag vill ju inte ta d\u00f6d p\u00e5 hans kreativa sida och f\u00f6r det mesta f\u00e5r han greja hur mycket han vill och hans rum ser ut som en riktig verkstad. \u00c4r det n\u00e5&#8217;n som k\u00e4nner igen sig *fniss* Idag har det varit kanelbullens dag ocks\u00e5, tyv\u00e4rr hann vi inte baka men en bild p\u00e5 bullar hade jag p\u00e5 &#8221;lager&#8221; i alla fall \ud83d\ude09 Ha en h\u00e4rlig h\u00f6stvecka allihopa! Kram allihopa och tack f\u00f6r alla kommentarer, l\u00e4ser allt och bes\u00f6ker er alla.<\/p>\n","protected":false},"author":1,"featured_media":0,"comment_status":"open","ping_status":"open","sticky":false,"template":"","format":"standard","meta":{"footnotes":""},"categories":[4],"tags":[],"yoast_head":"<!-- This site is optimized with the Yoast SEO plugin v23.5 - https:\/\/yoast.com\/wordpress\/plugins\/seo\/ -->\n<title>Min kreativa son... - Baka med KlaraForm<\/title>\n<meta name=\"robots\" content=\"index, follow, max-snippet:-1, max-image-preview:large, max-video-preview:-1\" \/>\n<link rel=\"canonical\" href=\"https:\/\/klarafardiga.com\/?p=116\" \/>\n<meta property=\"og:locale\" content=\"sv_SE\" \/>\n<meta property=\"og:type\" content=\"article\" \/>\n<meta property=\"og:title\" content=\"Min kreativa son... - Baka med KlaraForm\" \/>\n<meta property=\"og:description\" content=\"Idag har jag och sonen haft en hel dag f\u00f6r oss sj\u00e4lva. Vi storst\u00e4dade hans rum bl.a. Alltid n\u00e4r rummet \u00e4r toppst\u00e4dat kommer hans kreativa sida fram. Det b\u00e4sta som finns \u00e4r mammas sytr\u00e5d, pappkartonger och tejp. Efter storst\u00e4dningen drog han sytr\u00e5den kors och tv\u00e4rs genom rummet, det var laserstr\u00e5lar som man inte fick nudda och l\u00e4ngst bort i rummet fanns en skatt&#8230; M\u00e5ste s\u00e4ga att jag ibland inf\u00f6r tejpf\u00f6rbud och g\u00f6mmer alla tr\u00e5drullar \ud83d\ude09 Men jag vill ju inte ta d\u00f6d p\u00e5 hans kreativa sida och f\u00f6r det mesta f\u00e5r han greja hur mycket han vill och hans rum ser ut som en riktig verkstad. \u00c4r det n\u00e5&#8217;n som k\u00e4nner igen sig *fniss* Idag har det varit kanelbullens dag ocks\u00e5, tyv\u00e4rr hann vi inte baka men en bild p\u00e5 bullar hade jag p\u00e5 &#8221;lager&#8221; i alla fall \ud83d\ude09 Ha en h\u00e4rlig h\u00f6stvecka allihopa! Kram allihopa och tack f\u00f6r alla kommentarer, l\u00e4ser allt och bes\u00f6ker er alla.\" \/>\n<meta property=\"og:url\" content=\"https:\/\/klarafardiga.com\/?p=116\" \/>\n<meta property=\"og:site_name\" content=\"Baka med KlaraForm\" \/>\n<meta property=\"article:published_time\" content=\"2009-10-04T17:51:00+00:00\" \/>\n<meta property=\"og:image\" content=\"http:\/\/2.bp.blogspot.com\/_rCm4mArCkLE\/Ssjio7MIniI\/AAAAAAAABr4\/2w_y1ryIFEs\/s400\/sytrad.jpg\" \/>\n<meta name=\"author\" content=\"admin\" \/>\n<meta name=\"twitter:card\" content=\"summary_large_image\" \/>\n<meta name=\"twitter:label1\" content=\"Skriven av\" \/>\n\t<meta name=\"twitter:data1\" content=\"admin\" \/>\n\t<meta name=\"twitter:label2\" content=\"Ber\u00e4knad l\u00e4stid\" \/>\n\t<meta name=\"twitter:data2\" content=\"1 minut\" \/>\n<script type=\"application\/ld+json\" class=\"yoast-schema-graph\">{\"@context\":\"https:\/\/schema.org\",\"@graph\":[{\"@type\":\"WebPage\",\"@id\":\"https:\/\/klarafardiga.com\/?p=116\",\"url\":\"https:\/\/klarafardiga.com\/?p=116\",\"name\":\"Min kreativa son... - Baka med KlaraForm\",\"isPartOf\":{\"@id\":\"https:\/\/klarafardiga.com\/#website\"},\"primaryImageOfPage\":{\"@id\":\"https:\/\/klarafardiga.com\/?p=116#primaryimage\"},\"image\":{\"@id\":\"https:\/\/klarafardiga.com\/?p=116#primaryimage\"},\"thumbnailUrl\":\"http:\/\/2.bp.blogspot.com\/_rCm4mArCkLE\/Ssjio7MIniI\/AAAAAAAABr4\/2w_y1ryIFEs\/s400\/sytrad.jpg\",\"datePublished\":\"2009-10-04T17:51:00+00:00\",\"dateModified\":\"2009-10-04T17:51:00+00:00\",\"author\":{\"@id\":\"https:\/\/klarafardiga.com\/#\/schema\/person\/0f54ba1da7c4c21dd7411ed3a8e9f8c0\"},\"breadcrumb\":{\"@id\":\"https:\/\/klarafardiga.com\/?p=116#breadcrumb\"},\"inLanguage\":\"sv-SE\",\"potentialAction\":[{\"@type\":\"ReadAction\",\"target\":[\"https:\/\/klarafardiga.com\/?p=116\"]}]},{\"@type\":\"ImageObject\",\"inLanguage\":\"sv-SE\",\"@id\":\"https:\/\/klarafardiga.com\/?p=116#primaryimage\",\"url\":\"http:\/\/2.bp.blogspot.com\/_rCm4mArCkLE\/Ssjio7MIniI\/AAAAAAAABr4\/2w_y1ryIFEs\/s400\/sytrad.jpg\",\"contentUrl\":\"http:\/\/2.bp.blogspot.com\/_rCm4mArCkLE\/Ssjio7MIniI\/AAAAAAAABr4\/2w_y1ryIFEs\/s400\/sytrad.jpg\"},{\"@type\":\"BreadcrumbList\",\"@id\":\"https:\/\/klarafardiga.com\/?p=116#breadcrumb\",\"itemListElement\":[{\"@type\":\"ListItem\",\"position\":1,\"name\":\"Hem\",\"item\":\"https:\/\/klarafardiga.com\/\"},{\"@type\":\"ListItem\",\"position\":2,\"name\":\"Min kreativa son&#8230;\"}]},{\"@type\":\"WebSite\",\"@id\":\"https:\/\/klarafardiga.com\/#website\",\"url\":\"https:\/\/klarafardiga.com\/\",\"name\":\"Baka med KlaraForm\",\"description\":\"Recept, tips och nyheter i butiken\",\"potentialAction\":[{\"@type\":\"SearchAction\",\"target\":{\"@type\":\"EntryPoint\",\"urlTemplate\":\"https:\/\/klarafardiga.com\/?s={search_term_string}\"},\"query-input\":{\"@type\":\"PropertyValueSpecification\",\"valueRequired\":true,\"valueName\":\"search_term_string\"}}],\"inLanguage\":\"sv-SE\"},{\"@type\":\"Person\",\"@id\":\"https:\/\/klarafardiga.com\/#\/schema\/person\/0f54ba1da7c4c21dd7411ed3a8e9f8c0\",\"name\":\"admin\",\"image\":{\"@type\":\"ImageObject\",\"inLanguage\":\"sv-SE\",\"@id\":\"https:\/\/klarafardiga.com\/#\/schema\/person\/image\/\",\"url\":\"https:\/\/secure.gravatar.com\/avatar\/356da59eaae0a6e58215761d8e8dabed?s=96&d=mm&r=g\",\"contentUrl\":\"https:\/\/secure.gravatar.com\/avatar\/356da59eaae0a6e58215761d8e8dabed?s=96&d=mm&r=g\",\"caption\":\"admin\"},\"sameAs\":[\"http:\/\/www.klaraform.se\"],\"url\":\"https:\/\/klarafardiga.com\/?author=1\"}]}<\/script>\n<!-- \/ Yoast SEO plugin. -->","yoast_head_json":{"title":"Min kreativa son... - Baka med KlaraForm","robots":{"index":"index","follow":"follow","max-snippet":"max-snippet:-1","max-image-preview":"max-image-preview:large","max-video-preview":"max-video-preview:-1"},"canonical":"https:\/\/klarafardiga.com\/?p=116","og_locale":"sv_SE","og_type":"article","og_title":"Min kreativa son... - Baka med KlaraForm","og_description":"Idag har jag och sonen haft en hel dag f\u00f6r oss sj\u00e4lva. Vi storst\u00e4dade hans rum bl.a. Alltid n\u00e4r rummet \u00e4r toppst\u00e4dat kommer hans kreativa sida fram. Det b\u00e4sta som finns \u00e4r mammas sytr\u00e5d, pappkartonger och tejp. Efter storst\u00e4dningen drog han sytr\u00e5den kors och tv\u00e4rs genom rummet, det var laserstr\u00e5lar som man inte fick nudda och l\u00e4ngst bort i rummet fanns en skatt&#8230; M\u00e5ste s\u00e4ga att jag ibland inf\u00f6r tejpf\u00f6rbud och g\u00f6mmer alla tr\u00e5drullar \ud83d\ude09 Men jag vill ju inte ta d\u00f6d p\u00e5 hans kreativa sida och f\u00f6r det mesta f\u00e5r han greja hur mycket han vill och hans rum ser ut som en riktig verkstad. \u00c4r det n\u00e5&#8217;n som k\u00e4nner igen sig *fniss* Idag har det varit kanelbullens dag ocks\u00e5, tyv\u00e4rr hann vi inte baka men en bild p\u00e5 bullar hade jag p\u00e5 &#8221;lager&#8221; i alla fall \ud83d\ude09 Ha en h\u00e4rlig h\u00f6stvecka allihopa! Kram allihopa och tack f\u00f6r alla kommentarer, l\u00e4ser allt och bes\u00f6ker er alla.","og_url":"https:\/\/klarafardiga.com\/?p=116","og_site_name":"Baka med KlaraForm","article_published_time":"2009-10-04T17:51:00+00:00","og_image":[{"url":"http:\/\/2.bp.blogspot.com\/_rCm4mArCkLE\/Ssjio7MIniI\/AAAAAAAABr4\/2w_y1ryIFEs\/s400\/sytrad.jpg"}],"author":"admin","twitter_card":"summary_large_image","twitter_misc":{"Skriven av":"admin","Ber\u00e4knad l\u00e4stid":"1 minut"},"schema":{"@context":"https:\/\/schema.org","@graph":[{"@type":"WebPage","@id":"https:\/\/klarafardiga.com\/?p=116","url":"https:\/\/klarafardiga.com\/?p=116","name":"Min kreativa son... - Baka med KlaraForm","isPartOf":{"@id":"https:\/\/klarafardiga.com\/#website"},"primaryImageOfPage":{"@id":"https:\/\/klarafardiga.com\/?p=116#primaryimage"},"image":{"@id":"https:\/\/klarafardiga.com\/?p=116#primaryimage"},"thumbnailUrl":"http:\/\/2.bp.blogspot.com\/_rCm4mArCkLE\/Ssjio7MIniI\/AAAAAAAABr4\/2w_y1ryIFEs\/s400\/sytrad.jpg","datePublished":"2009-10-04T17:51:00+00:00","dateModified":"2009-10-04T17:51:00+00:00","author":{"@id":"https:\/\/klarafardiga.com\/#\/schema\/person\/0f54ba1da7c4c21dd7411ed3a8e9f8c0"},"breadcrumb":{"@id":"https:\/\/klarafardiga.com\/?p=116#breadcrumb"},"inLanguage":"sv-SE","potentialAction":[{"@type":"ReadAction","target":["https:\/\/klarafardiga.com\/?p=116"]}]},{"@type":"ImageObject","inLanguage":"sv-SE","@id":"https:\/\/klarafardiga.com\/?p=116#primaryimage","url":"http:\/\/2.bp.blogspot.com\/_rCm4mArCkLE\/Ssjio7MIniI\/AAAAAAAABr4\/2w_y1ryIFEs\/s400\/sytrad.jpg","contentUrl":"http:\/\/2.bp.blogspot.com\/_rCm4mArCkLE\/Ssjio7MIniI\/AAAAAAAABr4\/2w_y1ryIFEs\/s400\/sytrad.jpg"},{"@type":"BreadcrumbList","@id":"https:\/\/klarafardiga.com\/?p=116#breadcrumb","itemListElement":[{"@type":"ListItem","position":1,"name":"Hem","item":"https:\/\/klarafardiga.com\/"},{"@type":"ListItem","position":2,"name":"Min kreativa son&#8230;"}]},{"@type":"WebSite","@id":"https:\/\/klarafardiga.com\/#website","url":"https:\/\/klarafardiga.com\/","name":"Baka med KlaraForm","description":"Recept, tips och nyheter i butiken","potentialAction":[{"@type":"SearchAction","target":{"@type":"EntryPoint","urlTemplate":"https:\/\/klarafardiga.com\/?s={search_term_string}"},"query-input":{"@type":"PropertyValueSpecification","valueRequired":true,"valueName":"search_term_string"}}],"inLanguage":"sv-SE"},{"@type":"Person","@id":"https:\/\/klarafardiga.com\/#\/schema\/person\/0f54ba1da7c4c21dd7411ed3a8e9f8c0","name":"admin","image":{"@type":"ImageObject","inLanguage":"sv-SE","@id":"https:\/\/klarafardiga.com\/#\/schema\/person\/image\/","url":"https:\/\/secure.gravatar.com\/avatar\/356da59eaae0a6e58215761d8e8dabed?s=96&d=mm&r=g","contentUrl":"https:\/\/secure.gravatar.com\/avatar\/356da59eaae0a6e58215761d8e8dabed?s=96&d=mm&r=g","caption":"admin"},"sameAs":["http:\/\/www.klaraform.se"],"url":"https:\/\/klarafardiga.com\/?author=1"}]}},"_links":{"self":[{"href":"https:\/\/klarafardiga.com\/index.php?rest_route=\/wp\/v2\/posts\/116"}],"collection":[{"href":"https:\/\/klarafardiga.com\/index.php?rest_route=\/wp\/v2\/posts"}],"about":[{"href":"https:\/\/klarafardiga.com\/index.php?rest_route=\/wp\/v2\/types\/post"}],"author":[{"embeddable":true,"href":"https:\/\/klarafardiga.com\/index.php?rest_route=\/wp\/v2\/users\/1"}],"replies":[{"embeddable":true,"href":"https:\/\/klarafardiga.com\/index.php?rest_route=%2Fwp%2Fv2%2Fcomments&post=116"}],"version-history":[{"count":0,"href":"https:\/\/klarafardiga.com\/index.php?rest_route=\/wp\/v2\/posts\/116\/revisions"}],"wp:attachment":[{"href":"https:\/\/klarafardiga.com\/index.php?rest_route=%2Fwp%2Fv2%2Fmedia&parent=116"}],"wp:term":[{"taxonomy":"category","embeddable":true,"href":"https:\/\/klarafardiga.com\/index.php?rest_route=%2Fwp%2Fv2%2Fcategories&post=116"},{"taxonomy":"post_tag","embeddable":true,"href":"https:\/\/klarafardiga.com\/index.php?rest_route=%2Fwp%2Fv2%2Ftags&post=116"}],"curies":[{"name":"wp","href":"https:\/\/api.w.org\/{rel}","templated":true}]}}