{"id":114,"date":"2009-09-22T20:36:00","date_gmt":"2009-09-22T18:36:00","guid":{"rendered":"http:\/\/klarafardiga.com\/?p=114"},"modified":"2009-09-22T20:36:00","modified_gmt":"2009-09-22T18:36:00","slug":"vem-vill-du-bjuda-pa-fika","status":"publish","type":"post","link":"https:\/\/klarafardiga.com\/?p=114","title":{"rendered":"Vem vill du bjuda p\u00e5 fika?"},"content":{"rendered":"<p>Men vad skoj \u00e5 l\u00e4sa vem ni ville bjuda p\u00e5 fika \ud83d\ude42 Har klurat p\u00e5 vem jag skulle vilja bjuda, men det var sv\u00e5rt finns s\u00e5 m\u00e5nga intressanta personer. Vinnare i t\u00e4vlingen \u00e4r i alla fall \u00c5sa med bloggen <a href=\"http:\/\/www.ensidamedmat.se\/\"><strong><span style=\"color:#3333ff;\">En sida om mat- \u00c5sas l\u00e4ckerheter<\/span><\/strong><\/a>. Grattis \u00c5sa!!<\/p>\n<div><\/div>\n<p><\/p>\n<div>Efter kv\u00e4llsmaten idag tjatade sonen att han ville ha en efterr\u00e4tt. Va, nu en tisdag kv\u00e4ll?!<\/div>\n<p><\/p>\n<div>-Mamma, kan inte du baka muffins, sn\u00e4lla&#8230; Sagt och gjort vi bakade en omg\u00e5ng kladdkakemuffins och provsmakade varsin och resten \u00e5kte in i frysen fort som attan innan n\u00e5gon (jag) skulle norpa en till.<\/div>\n<div> <\/div>\n<div><img decoding=\"async\" style=\"TEXT-ALIGN: center; MARGIN: 0px auto 10px; WIDTH: 400px; DISPLAY: block; HEIGHT: 266px; CURSOR: hand\" id=\"BLOGGER_PHOTO_ID_5384365398053316210\" border=\"0\" alt=\"\" src=\"http:\/\/4.bp.blogspot.com\/_rCm4mArCkLE\/SrkbzUvfZnI\/AAAAAAAABro\/0NyaQ_ouZ7U\/s400\/muffinsformar.jpg\" \/><\/div>\n<div><\/div>\n<p><\/p>\n<div>Ha en fortsatt h\u00e4rlig h\u00f6stvecka!<\/div>\n<p><\/p>\n<div>Kram Helena<\/div>\n","protected":false},"excerpt":{"rendered":"<p>Men vad skoj \u00e5 l\u00e4sa vem ni ville bjuda p\u00e5 fika \ud83d\ude42 Har klurat p\u00e5 vem jag skulle vilja bjuda, men det var sv\u00e5rt finns s\u00e5 m\u00e5nga intressanta personer. Vinnare i t\u00e4vlingen \u00e4r i alla fall \u00c5sa med bloggen En sida om mat- \u00c5sas l\u00e4ckerheter. Grattis \u00c5sa!! Efter kv\u00e4llsmaten idag tjatade sonen att han ville ha en efterr\u00e4tt. Va, nu en tisdag kv\u00e4ll?! -Mamma, kan inte du baka muffins, sn\u00e4lla&#8230; Sagt och gjort vi bakade en omg\u00e5ng kladdkakemuffins och provsmakade varsin och resten \u00e5kte in i frysen fort som attan innan n\u00e5gon (jag) skulle norpa en till. Ha en fortsatt h\u00e4rlig h\u00f6stvecka! Kram Helena<\/p>\n","protected":false},"author":1,"featured_media":0,"comment_status":"open","ping_status":"open","sticky":false,"template":"","format":"standard","meta":{"footnotes":""},"categories":[11],"tags":[],"yoast_head":"<!-- This site is optimized with the Yoast SEO plugin v23.5 - https:\/\/yoast.com\/wordpress\/plugins\/seo\/ -->\n<title>Vem vill du bjuda p\u00e5 fika? - Baka med KlaraForm<\/title>\n<meta name=\"robots\" content=\"index, follow, max-snippet:-1, max-image-preview:large, max-video-preview:-1\" \/>\n<link rel=\"canonical\" href=\"https:\/\/klarafardiga.com\/?p=114\" \/>\n<meta property=\"og:locale\" content=\"sv_SE\" \/>\n<meta property=\"og:type\" content=\"article\" \/>\n<meta property=\"og:title\" content=\"Vem vill du bjuda p\u00e5 fika? - Baka med KlaraForm\" \/>\n<meta property=\"og:description\" content=\"Men vad skoj \u00e5 l\u00e4sa vem ni ville bjuda p\u00e5 fika \ud83d\ude42 Har klurat p\u00e5 vem jag skulle vilja bjuda, men det var sv\u00e5rt finns s\u00e5 m\u00e5nga intressanta personer. Vinnare i t\u00e4vlingen \u00e4r i alla fall \u00c5sa med bloggen En sida om mat- \u00c5sas l\u00e4ckerheter. Grattis \u00c5sa!! Efter kv\u00e4llsmaten idag tjatade sonen att han ville ha en efterr\u00e4tt. Va, nu en tisdag kv\u00e4ll?! -Mamma, kan inte du baka muffins, sn\u00e4lla&#8230; Sagt och gjort vi bakade en omg\u00e5ng kladdkakemuffins och provsmakade varsin och resten \u00e5kte in i frysen fort som attan innan n\u00e5gon (jag) skulle norpa en till. Ha en fortsatt h\u00e4rlig h\u00f6stvecka! Kram Helena\" \/>\n<meta property=\"og:url\" content=\"https:\/\/klarafardiga.com\/?p=114\" \/>\n<meta property=\"og:site_name\" content=\"Baka med KlaraForm\" \/>\n<meta property=\"article:published_time\" content=\"2009-09-22T18:36:00+00:00\" \/>\n<meta property=\"og:image\" content=\"http:\/\/4.bp.blogspot.com\/_rCm4mArCkLE\/SrkbzUvfZnI\/AAAAAAAABro\/0NyaQ_ouZ7U\/s400\/muffinsformar.jpg\" \/>\n<meta name=\"author\" content=\"admin\" \/>\n<meta name=\"twitter:card\" content=\"summary_large_image\" \/>\n<meta name=\"twitter:label1\" content=\"Skriven av\" \/>\n\t<meta name=\"twitter:data1\" content=\"admin\" \/>\n\t<meta name=\"twitter:label2\" content=\"Ber\u00e4knad l\u00e4stid\" \/>\n\t<meta name=\"twitter:data2\" content=\"1 minut\" \/>\n<script type=\"application\/ld+json\" class=\"yoast-schema-graph\">{\"@context\":\"https:\/\/schema.org\",\"@graph\":[{\"@type\":\"WebPage\",\"@id\":\"https:\/\/klarafardiga.com\/?p=114\",\"url\":\"https:\/\/klarafardiga.com\/?p=114\",\"name\":\"Vem vill du bjuda p\u00e5 fika? - Baka med KlaraForm\",\"isPartOf\":{\"@id\":\"https:\/\/klarafardiga.com\/#website\"},\"primaryImageOfPage\":{\"@id\":\"https:\/\/klarafardiga.com\/?p=114#primaryimage\"},\"image\":{\"@id\":\"https:\/\/klarafardiga.com\/?p=114#primaryimage\"},\"thumbnailUrl\":\"http:\/\/4.bp.blogspot.com\/_rCm4mArCkLE\/SrkbzUvfZnI\/AAAAAAAABro\/0NyaQ_ouZ7U\/s400\/muffinsformar.jpg\",\"datePublished\":\"2009-09-22T18:36:00+00:00\",\"dateModified\":\"2009-09-22T18:36:00+00:00\",\"author\":{\"@id\":\"https:\/\/klarafardiga.com\/#\/schema\/person\/0f54ba1da7c4c21dd7411ed3a8e9f8c0\"},\"breadcrumb\":{\"@id\":\"https:\/\/klarafardiga.com\/?p=114#breadcrumb\"},\"inLanguage\":\"sv-SE\",\"potentialAction\":[{\"@type\":\"ReadAction\",\"target\":[\"https:\/\/klarafardiga.com\/?p=114\"]}]},{\"@type\":\"ImageObject\",\"inLanguage\":\"sv-SE\",\"@id\":\"https:\/\/klarafardiga.com\/?p=114#primaryimage\",\"url\":\"http:\/\/4.bp.blogspot.com\/_rCm4mArCkLE\/SrkbzUvfZnI\/AAAAAAAABro\/0NyaQ_ouZ7U\/s400\/muffinsformar.jpg\",\"contentUrl\":\"http:\/\/4.bp.blogspot.com\/_rCm4mArCkLE\/SrkbzUvfZnI\/AAAAAAAABro\/0NyaQ_ouZ7U\/s400\/muffinsformar.jpg\"},{\"@type\":\"BreadcrumbList\",\"@id\":\"https:\/\/klarafardiga.com\/?p=114#breadcrumb\",\"itemListElement\":[{\"@type\":\"ListItem\",\"position\":1,\"name\":\"Hem\",\"item\":\"https:\/\/klarafardiga.com\/\"},{\"@type\":\"ListItem\",\"position\":2,\"name\":\"Vem vill du bjuda p\u00e5 fika?\"}]},{\"@type\":\"WebSite\",\"@id\":\"https:\/\/klarafardiga.com\/#website\",\"url\":\"https:\/\/klarafardiga.com\/\",\"name\":\"Baka med KlaraForm\",\"description\":\"Recept, tips och nyheter i butiken\",\"potentialAction\":[{\"@type\":\"SearchAction\",\"target\":{\"@type\":\"EntryPoint\",\"urlTemplate\":\"https:\/\/klarafardiga.com\/?s={search_term_string}\"},\"query-input\":{\"@type\":\"PropertyValueSpecification\",\"valueRequired\":true,\"valueName\":\"search_term_string\"}}],\"inLanguage\":\"sv-SE\"},{\"@type\":\"Person\",\"@id\":\"https:\/\/klarafardiga.com\/#\/schema\/person\/0f54ba1da7c4c21dd7411ed3a8e9f8c0\",\"name\":\"admin\",\"image\":{\"@type\":\"ImageObject\",\"inLanguage\":\"sv-SE\",\"@id\":\"https:\/\/klarafardiga.com\/#\/schema\/person\/image\/\",\"url\":\"https:\/\/secure.gravatar.com\/avatar\/356da59eaae0a6e58215761d8e8dabed?s=96&d=mm&r=g\",\"contentUrl\":\"https:\/\/secure.gravatar.com\/avatar\/356da59eaae0a6e58215761d8e8dabed?s=96&d=mm&r=g\",\"caption\":\"admin\"},\"sameAs\":[\"http:\/\/www.klaraform.se\"],\"url\":\"https:\/\/klarafardiga.com\/?author=1\"}]}<\/script>\n<!-- \/ Yoast SEO plugin. -->","yoast_head_json":{"title":"Vem vill du bjuda p\u00e5 fika? - Baka med KlaraForm","robots":{"index":"index","follow":"follow","max-snippet":"max-snippet:-1","max-image-preview":"max-image-preview:large","max-video-preview":"max-video-preview:-1"},"canonical":"https:\/\/klarafardiga.com\/?p=114","og_locale":"sv_SE","og_type":"article","og_title":"Vem vill du bjuda p\u00e5 fika? - Baka med KlaraForm","og_description":"Men vad skoj \u00e5 l\u00e4sa vem ni ville bjuda p\u00e5 fika \ud83d\ude42 Har klurat p\u00e5 vem jag skulle vilja bjuda, men det var sv\u00e5rt finns s\u00e5 m\u00e5nga intressanta personer. Vinnare i t\u00e4vlingen \u00e4r i alla fall \u00c5sa med bloggen En sida om mat- \u00c5sas l\u00e4ckerheter. Grattis \u00c5sa!! Efter kv\u00e4llsmaten idag tjatade sonen att han ville ha en efterr\u00e4tt. Va, nu en tisdag kv\u00e4ll?! -Mamma, kan inte du baka muffins, sn\u00e4lla&#8230; Sagt och gjort vi bakade en omg\u00e5ng kladdkakemuffins och provsmakade varsin och resten \u00e5kte in i frysen fort som attan innan n\u00e5gon (jag) skulle norpa en till. Ha en fortsatt h\u00e4rlig h\u00f6stvecka! Kram Helena","og_url":"https:\/\/klarafardiga.com\/?p=114","og_site_name":"Baka med KlaraForm","article_published_time":"2009-09-22T18:36:00+00:00","og_image":[{"url":"http:\/\/4.bp.blogspot.com\/_rCm4mArCkLE\/SrkbzUvfZnI\/AAAAAAAABro\/0NyaQ_ouZ7U\/s400\/muffinsformar.jpg"}],"author":"admin","twitter_card":"summary_large_image","twitter_misc":{"Skriven av":"admin","Ber\u00e4knad l\u00e4stid":"1 minut"},"schema":{"@context":"https:\/\/schema.org","@graph":[{"@type":"WebPage","@id":"https:\/\/klarafardiga.com\/?p=114","url":"https:\/\/klarafardiga.com\/?p=114","name":"Vem vill du bjuda p\u00e5 fika? - Baka med KlaraForm","isPartOf":{"@id":"https:\/\/klarafardiga.com\/#website"},"primaryImageOfPage":{"@id":"https:\/\/klarafardiga.com\/?p=114#primaryimage"},"image":{"@id":"https:\/\/klarafardiga.com\/?p=114#primaryimage"},"thumbnailUrl":"http:\/\/4.bp.blogspot.com\/_rCm4mArCkLE\/SrkbzUvfZnI\/AAAAAAAABro\/0NyaQ_ouZ7U\/s400\/muffinsformar.jpg","datePublished":"2009-09-22T18:36:00+00:00","dateModified":"2009-09-22T18:36:00+00:00","author":{"@id":"https:\/\/klarafardiga.com\/#\/schema\/person\/0f54ba1da7c4c21dd7411ed3a8e9f8c0"},"breadcrumb":{"@id":"https:\/\/klarafardiga.com\/?p=114#breadcrumb"},"inLanguage":"sv-SE","potentialAction":[{"@type":"ReadAction","target":["https:\/\/klarafardiga.com\/?p=114"]}]},{"@type":"ImageObject","inLanguage":"sv-SE","@id":"https:\/\/klarafardiga.com\/?p=114#primaryimage","url":"http:\/\/4.bp.blogspot.com\/_rCm4mArCkLE\/SrkbzUvfZnI\/AAAAAAAABro\/0NyaQ_ouZ7U\/s400\/muffinsformar.jpg","contentUrl":"http:\/\/4.bp.blogspot.com\/_rCm4mArCkLE\/SrkbzUvfZnI\/AAAAAAAABro\/0NyaQ_ouZ7U\/s400\/muffinsformar.jpg"},{"@type":"BreadcrumbList","@id":"https:\/\/klarafardiga.com\/?p=114#breadcrumb","itemListElement":[{"@type":"ListItem","position":1,"name":"Hem","item":"https:\/\/klarafardiga.com\/"},{"@type":"ListItem","position":2,"name":"Vem vill du bjuda p\u00e5 fika?"}]},{"@type":"WebSite","@id":"https:\/\/klarafardiga.com\/#website","url":"https:\/\/klarafardiga.com\/","name":"Baka med KlaraForm","description":"Recept, tips och nyheter i butiken","potentialAction":[{"@type":"SearchAction","target":{"@type":"EntryPoint","urlTemplate":"https:\/\/klarafardiga.com\/?s={search_term_string}"},"query-input":{"@type":"PropertyValueSpecification","valueRequired":true,"valueName":"search_term_string"}}],"inLanguage":"sv-SE"},{"@type":"Person","@id":"https:\/\/klarafardiga.com\/#\/schema\/person\/0f54ba1da7c4c21dd7411ed3a8e9f8c0","name":"admin","image":{"@type":"ImageObject","inLanguage":"sv-SE","@id":"https:\/\/klarafardiga.com\/#\/schema\/person\/image\/","url":"https:\/\/secure.gravatar.com\/avatar\/356da59eaae0a6e58215761d8e8dabed?s=96&d=mm&r=g","contentUrl":"https:\/\/secure.gravatar.com\/avatar\/356da59eaae0a6e58215761d8e8dabed?s=96&d=mm&r=g","caption":"admin"},"sameAs":["http:\/\/www.klaraform.se"],"url":"https:\/\/klarafardiga.com\/?author=1"}]}},"_links":{"self":[{"href":"https:\/\/klarafardiga.com\/index.php?rest_route=\/wp\/v2\/posts\/114"}],"collection":[{"href":"https:\/\/klarafardiga.com\/index.php?rest_route=\/wp\/v2\/posts"}],"about":[{"href":"https:\/\/klarafardiga.com\/index.php?rest_route=\/wp\/v2\/types\/post"}],"author":[{"embeddable":true,"href":"https:\/\/klarafardiga.com\/index.php?rest_route=\/wp\/v2\/users\/1"}],"replies":[{"embeddable":true,"href":"https:\/\/klarafardiga.com\/index.php?rest_route=%2Fwp%2Fv2%2Fcomments&post=114"}],"version-history":[{"count":0,"href":"https:\/\/klarafardiga.com\/index.php?rest_route=\/wp\/v2\/posts\/114\/revisions"}],"wp:attachment":[{"href":"https:\/\/klarafardiga.com\/index.php?rest_route=%2Fwp%2Fv2%2Fmedia&parent=114"}],"wp:term":[{"taxonomy":"category","embeddable":true,"href":"https:\/\/klarafardiga.com\/index.php?rest_route=%2Fwp%2Fv2%2Fcategories&post=114"},{"taxonomy":"post_tag","embeddable":true,"href":"https:\/\/klarafardiga.com\/index.php?rest_route=%2Fwp%2Fv2%2Ftags&post=114"}],"curies":[{"name":"wp","href":"https:\/\/api.w.org\/{rel}","templated":true}]}}