{"id":112,"date":"2009-09-15T22:34:00","date_gmt":"2009-09-15T20:34:00","guid":{"rendered":"http:\/\/klarafardiga.com\/?p=112"},"modified":"2009-09-15T22:34:00","modified_gmt":"2009-09-15T20:34:00","slug":"rigas-svarta-balsam","status":"publish","type":"post","link":"https:\/\/klarafardiga.com\/?p=112","title":{"rendered":"Rigas svarta balsam&#8230;"},"content":{"rendered":"<p>N\u00e4r jag var till Riga, Lettland i augusti k\u00f6pte jag med mig en flaska Rigabalsam, vet ej om det \u00e4r en typisk &#8221;turistgrej&#8221; men tydligen ska det hj\u00e4lpa f\u00f6r ALLT, det blir bra nu i influensatider. Guidens gamla morfar dack tydligen en skv\u00e4tt varje dag i kaffet. Har smakat och det \u00e4r inte gott kan jag s\u00e4ga men hj\u00e4lper det mot ALLT s\u00e5 \u00e4r ju det bra *fniss* Flaskan \u00e4r i alla fall fin, gjord i keramik. Finns tydligen som best\u00e4llningsvara i Stockholm p\u00e5 Systembolaget om n\u00e5gon \u00e4r nyfiken \ud83d\ude09 616 kr\/liter.<\/p>\n<div><\/div>\n<p><\/p>\n<div align=\"center\"><em><span style=\"font-size:78%;\"><\/span><\/em><img decoding=\"async\" style=\"TEXT-ALIGN: center; MARGIN: 0px auto 10px; WIDTH: 400px; DISPLAY: block; HEIGHT: 334px; CURSOR: hand\" id=\"BLOGGER_PHOTO_ID_5381797297013437266\" border=\"0\" alt=\"\" src=\"http:\/\/2.bp.blogspot.com\/_rCm4mArCkLE\/Sq_8IK2ks1I\/AAAAAAAABrQ\/m2ruOgp9tCw\/s400\/rigabalsam_01.jpg\" \/><em><span style=\"font-size:78%;\"><img decoding=\"async\" style=\"TEXT-ALIGN: center; MARGIN: 0px auto 10px; WIDTH: 382px; DISPLAY: block; HEIGHT: 275px; CURSOR: hand\" id=\"BLOGGER_PHOTO_ID_5381798708582015090\" border=\"0\" alt=\"\" src=\"http:\/\/2.bp.blogspot.com\/_rCm4mArCkLE\/Sq_9aVWv4HI\/AAAAAAAABrY\/HNL1cC9Lulk\/s400\/rigabalsam_02.jpg\" \/>Text fr\u00e5n Nordisk Familjebok, 1916<\/span><\/em><\/div>\n<div align=\"center\"><em><span style=\"font-size:78%;\"><\/span><\/em><\/div>\n<div><a href=\"http:\/\/2.bp.blogspot.com\/_rCm4mArCkLE\/Sq_8H2jJhvI\/AAAAAAAABrI\/TJz2JMN0QMs\/s1600-h\/rigabalsam.jpg\"><img decoding=\"async\" style=\"TEXT-ALIGN: center; MARGIN: 0px auto 10px; WIDTH: 400px; DISPLAY: block; HEIGHT: 330px; CURSOR: hand\" id=\"BLOGGER_PHOTO_ID_5381797291563255538\" border=\"0\" alt=\"\" src=\"http:\/\/2.bp.blogspot.com\/_rCm4mArCkLE\/Sq_8H2jJhvI\/AAAAAAAABrI\/TJz2JMN0QMs\/s400\/rigabalsam.jpg\" \/><\/a><br \/>Ha en fortsatt h\u00e4rlig vecka och gl\u00f6m inte att t\u00e4vla!<\/div>\n<div>Kram Helena<\/p>\n<div><\/div>\n<\/div>\n","protected":false},"excerpt":{"rendered":"<p>N\u00e4r jag var till Riga, Lettland i augusti k\u00f6pte jag med mig en flaska Rigabalsam, vet ej om det \u00e4r en typisk &#8221;turistgrej&#8221; men tydligen ska det hj\u00e4lpa f\u00f6r ALLT, det blir bra nu i influensatider. Guidens gamla morfar dack tydligen en skv\u00e4tt varje dag i kaffet. Har smakat och det \u00e4r inte gott kan jag s\u00e4ga men hj\u00e4lper det mot ALLT s\u00e5 \u00e4r ju det bra *fniss* Flaskan \u00e4r i alla fall fin, gjord i keramik. Finns tydligen som best\u00e4llningsvara i Stockholm p\u00e5 Systembolaget om n\u00e5gon \u00e4r nyfiken \ud83d\ude09 616 kr\/liter. Text fr\u00e5n Nordisk Familjebok, 1916 Ha en fortsatt h\u00e4rlig vecka och gl\u00f6m inte att t\u00e4vla! Kram Helena<\/p>\n","protected":false},"author":1,"featured_media":0,"comment_status":"open","ping_status":"open","sticky":false,"template":"","format":"standard","meta":{"footnotes":""},"categories":[4],"tags":[],"yoast_head":"<!-- This site is optimized with the Yoast SEO plugin v23.5 - https:\/\/yoast.com\/wordpress\/plugins\/seo\/ -->\n<title>Rigas svarta balsam... - Baka med KlaraForm<\/title>\n<meta name=\"robots\" content=\"index, follow, max-snippet:-1, max-image-preview:large, max-video-preview:-1\" \/>\n<link rel=\"canonical\" href=\"https:\/\/klarafardiga.com\/?p=112\" \/>\n<meta property=\"og:locale\" content=\"sv_SE\" \/>\n<meta property=\"og:type\" content=\"article\" \/>\n<meta property=\"og:title\" content=\"Rigas svarta balsam... - Baka med KlaraForm\" \/>\n<meta property=\"og:description\" content=\"N\u00e4r jag var till Riga, Lettland i augusti k\u00f6pte jag med mig en flaska Rigabalsam, vet ej om det \u00e4r en typisk &#8221;turistgrej&#8221; men tydligen ska det hj\u00e4lpa f\u00f6r ALLT, det blir bra nu i influensatider. Guidens gamla morfar dack tydligen en skv\u00e4tt varje dag i kaffet. Har smakat och det \u00e4r inte gott kan jag s\u00e4ga men hj\u00e4lper det mot ALLT s\u00e5 \u00e4r ju det bra *fniss* Flaskan \u00e4r i alla fall fin, gjord i keramik. Finns tydligen som best\u00e4llningsvara i Stockholm p\u00e5 Systembolaget om n\u00e5gon \u00e4r nyfiken \ud83d\ude09 616 kr\/liter. Text fr\u00e5n Nordisk Familjebok, 1916 Ha en fortsatt h\u00e4rlig vecka och gl\u00f6m inte att t\u00e4vla! Kram Helena\" \/>\n<meta property=\"og:url\" content=\"https:\/\/klarafardiga.com\/?p=112\" \/>\n<meta property=\"og:site_name\" content=\"Baka med KlaraForm\" \/>\n<meta property=\"article:published_time\" content=\"2009-09-15T20:34:00+00:00\" \/>\n<meta property=\"og:image\" content=\"http:\/\/2.bp.blogspot.com\/_rCm4mArCkLE\/Sq_8IK2ks1I\/AAAAAAAABrQ\/m2ruOgp9tCw\/s400\/rigabalsam_01.jpg\" \/>\n<meta name=\"author\" content=\"admin\" \/>\n<meta name=\"twitter:card\" content=\"summary_large_image\" \/>\n<meta name=\"twitter:label1\" content=\"Skriven av\" \/>\n\t<meta name=\"twitter:data1\" content=\"admin\" \/>\n\t<meta name=\"twitter:label2\" content=\"Ber\u00e4knad l\u00e4stid\" \/>\n\t<meta name=\"twitter:data2\" content=\"1 minut\" \/>\n<script type=\"application\/ld+json\" class=\"yoast-schema-graph\">{\"@context\":\"https:\/\/schema.org\",\"@graph\":[{\"@type\":\"WebPage\",\"@id\":\"https:\/\/klarafardiga.com\/?p=112\",\"url\":\"https:\/\/klarafardiga.com\/?p=112\",\"name\":\"Rigas svarta balsam... - Baka med KlaraForm\",\"isPartOf\":{\"@id\":\"https:\/\/klarafardiga.com\/#website\"},\"primaryImageOfPage\":{\"@id\":\"https:\/\/klarafardiga.com\/?p=112#primaryimage\"},\"image\":{\"@id\":\"https:\/\/klarafardiga.com\/?p=112#primaryimage\"},\"thumbnailUrl\":\"http:\/\/2.bp.blogspot.com\/_rCm4mArCkLE\/Sq_8IK2ks1I\/AAAAAAAABrQ\/m2ruOgp9tCw\/s400\/rigabalsam_01.jpg\",\"datePublished\":\"2009-09-15T20:34:00+00:00\",\"dateModified\":\"2009-09-15T20:34:00+00:00\",\"author\":{\"@id\":\"https:\/\/klarafardiga.com\/#\/schema\/person\/0f54ba1da7c4c21dd7411ed3a8e9f8c0\"},\"breadcrumb\":{\"@id\":\"https:\/\/klarafardiga.com\/?p=112#breadcrumb\"},\"inLanguage\":\"sv-SE\",\"potentialAction\":[{\"@type\":\"ReadAction\",\"target\":[\"https:\/\/klarafardiga.com\/?p=112\"]}]},{\"@type\":\"ImageObject\",\"inLanguage\":\"sv-SE\",\"@id\":\"https:\/\/klarafardiga.com\/?p=112#primaryimage\",\"url\":\"http:\/\/2.bp.blogspot.com\/_rCm4mArCkLE\/Sq_8IK2ks1I\/AAAAAAAABrQ\/m2ruOgp9tCw\/s400\/rigabalsam_01.jpg\",\"contentUrl\":\"http:\/\/2.bp.blogspot.com\/_rCm4mArCkLE\/Sq_8IK2ks1I\/AAAAAAAABrQ\/m2ruOgp9tCw\/s400\/rigabalsam_01.jpg\"},{\"@type\":\"BreadcrumbList\",\"@id\":\"https:\/\/klarafardiga.com\/?p=112#breadcrumb\",\"itemListElement\":[{\"@type\":\"ListItem\",\"position\":1,\"name\":\"Hem\",\"item\":\"https:\/\/klarafardiga.com\/\"},{\"@type\":\"ListItem\",\"position\":2,\"name\":\"Rigas svarta balsam&#8230;\"}]},{\"@type\":\"WebSite\",\"@id\":\"https:\/\/klarafardiga.com\/#website\",\"url\":\"https:\/\/klarafardiga.com\/\",\"name\":\"Baka med KlaraForm\",\"description\":\"Recept, tips och nyheter i butiken\",\"potentialAction\":[{\"@type\":\"SearchAction\",\"target\":{\"@type\":\"EntryPoint\",\"urlTemplate\":\"https:\/\/klarafardiga.com\/?s={search_term_string}\"},\"query-input\":{\"@type\":\"PropertyValueSpecification\",\"valueRequired\":true,\"valueName\":\"search_term_string\"}}],\"inLanguage\":\"sv-SE\"},{\"@type\":\"Person\",\"@id\":\"https:\/\/klarafardiga.com\/#\/schema\/person\/0f54ba1da7c4c21dd7411ed3a8e9f8c0\",\"name\":\"admin\",\"image\":{\"@type\":\"ImageObject\",\"inLanguage\":\"sv-SE\",\"@id\":\"https:\/\/klarafardiga.com\/#\/schema\/person\/image\/\",\"url\":\"https:\/\/secure.gravatar.com\/avatar\/356da59eaae0a6e58215761d8e8dabed?s=96&d=mm&r=g\",\"contentUrl\":\"https:\/\/secure.gravatar.com\/avatar\/356da59eaae0a6e58215761d8e8dabed?s=96&d=mm&r=g\",\"caption\":\"admin\"},\"sameAs\":[\"http:\/\/www.klaraform.se\"],\"url\":\"https:\/\/klarafardiga.com\/?author=1\"}]}<\/script>\n<!-- \/ Yoast SEO plugin. -->","yoast_head_json":{"title":"Rigas svarta balsam... - Baka med KlaraForm","robots":{"index":"index","follow":"follow","max-snippet":"max-snippet:-1","max-image-preview":"max-image-preview:large","max-video-preview":"max-video-preview:-1"},"canonical":"https:\/\/klarafardiga.com\/?p=112","og_locale":"sv_SE","og_type":"article","og_title":"Rigas svarta balsam... - Baka med KlaraForm","og_description":"N\u00e4r jag var till Riga, Lettland i augusti k\u00f6pte jag med mig en flaska Rigabalsam, vet ej om det \u00e4r en typisk &#8221;turistgrej&#8221; men tydligen ska det hj\u00e4lpa f\u00f6r ALLT, det blir bra nu i influensatider. Guidens gamla morfar dack tydligen en skv\u00e4tt varje dag i kaffet. Har smakat och det \u00e4r inte gott kan jag s\u00e4ga men hj\u00e4lper det mot ALLT s\u00e5 \u00e4r ju det bra *fniss* Flaskan \u00e4r i alla fall fin, gjord i keramik. Finns tydligen som best\u00e4llningsvara i Stockholm p\u00e5 Systembolaget om n\u00e5gon \u00e4r nyfiken \ud83d\ude09 616 kr\/liter. Text fr\u00e5n Nordisk Familjebok, 1916 Ha en fortsatt h\u00e4rlig vecka och gl\u00f6m inte att t\u00e4vla! Kram Helena","og_url":"https:\/\/klarafardiga.com\/?p=112","og_site_name":"Baka med KlaraForm","article_published_time":"2009-09-15T20:34:00+00:00","og_image":[{"url":"http:\/\/2.bp.blogspot.com\/_rCm4mArCkLE\/Sq_8IK2ks1I\/AAAAAAAABrQ\/m2ruOgp9tCw\/s400\/rigabalsam_01.jpg"}],"author":"admin","twitter_card":"summary_large_image","twitter_misc":{"Skriven av":"admin","Ber\u00e4knad l\u00e4stid":"1 minut"},"schema":{"@context":"https:\/\/schema.org","@graph":[{"@type":"WebPage","@id":"https:\/\/klarafardiga.com\/?p=112","url":"https:\/\/klarafardiga.com\/?p=112","name":"Rigas svarta balsam... - Baka med KlaraForm","isPartOf":{"@id":"https:\/\/klarafardiga.com\/#website"},"primaryImageOfPage":{"@id":"https:\/\/klarafardiga.com\/?p=112#primaryimage"},"image":{"@id":"https:\/\/klarafardiga.com\/?p=112#primaryimage"},"thumbnailUrl":"http:\/\/2.bp.blogspot.com\/_rCm4mArCkLE\/Sq_8IK2ks1I\/AAAAAAAABrQ\/m2ruOgp9tCw\/s400\/rigabalsam_01.jpg","datePublished":"2009-09-15T20:34:00+00:00","dateModified":"2009-09-15T20:34:00+00:00","author":{"@id":"https:\/\/klarafardiga.com\/#\/schema\/person\/0f54ba1da7c4c21dd7411ed3a8e9f8c0"},"breadcrumb":{"@id":"https:\/\/klarafardiga.com\/?p=112#breadcrumb"},"inLanguage":"sv-SE","potentialAction":[{"@type":"ReadAction","target":["https:\/\/klarafardiga.com\/?p=112"]}]},{"@type":"ImageObject","inLanguage":"sv-SE","@id":"https:\/\/klarafardiga.com\/?p=112#primaryimage","url":"http:\/\/2.bp.blogspot.com\/_rCm4mArCkLE\/Sq_8IK2ks1I\/AAAAAAAABrQ\/m2ruOgp9tCw\/s400\/rigabalsam_01.jpg","contentUrl":"http:\/\/2.bp.blogspot.com\/_rCm4mArCkLE\/Sq_8IK2ks1I\/AAAAAAAABrQ\/m2ruOgp9tCw\/s400\/rigabalsam_01.jpg"},{"@type":"BreadcrumbList","@id":"https:\/\/klarafardiga.com\/?p=112#breadcrumb","itemListElement":[{"@type":"ListItem","position":1,"name":"Hem","item":"https:\/\/klarafardiga.com\/"},{"@type":"ListItem","position":2,"name":"Rigas svarta balsam&#8230;"}]},{"@type":"WebSite","@id":"https:\/\/klarafardiga.com\/#website","url":"https:\/\/klarafardiga.com\/","name":"Baka med KlaraForm","description":"Recept, tips och nyheter i butiken","potentialAction":[{"@type":"SearchAction","target":{"@type":"EntryPoint","urlTemplate":"https:\/\/klarafardiga.com\/?s={search_term_string}"},"query-input":{"@type":"PropertyValueSpecification","valueRequired":true,"valueName":"search_term_string"}}],"inLanguage":"sv-SE"},{"@type":"Person","@id":"https:\/\/klarafardiga.com\/#\/schema\/person\/0f54ba1da7c4c21dd7411ed3a8e9f8c0","name":"admin","image":{"@type":"ImageObject","inLanguage":"sv-SE","@id":"https:\/\/klarafardiga.com\/#\/schema\/person\/image\/","url":"https:\/\/secure.gravatar.com\/avatar\/356da59eaae0a6e58215761d8e8dabed?s=96&d=mm&r=g","contentUrl":"https:\/\/secure.gravatar.com\/avatar\/356da59eaae0a6e58215761d8e8dabed?s=96&d=mm&r=g","caption":"admin"},"sameAs":["http:\/\/www.klaraform.se"],"url":"https:\/\/klarafardiga.com\/?author=1"}]}},"_links":{"self":[{"href":"https:\/\/klarafardiga.com\/index.php?rest_route=\/wp\/v2\/posts\/112"}],"collection":[{"href":"https:\/\/klarafardiga.com\/index.php?rest_route=\/wp\/v2\/posts"}],"about":[{"href":"https:\/\/klarafardiga.com\/index.php?rest_route=\/wp\/v2\/types\/post"}],"author":[{"embeddable":true,"href":"https:\/\/klarafardiga.com\/index.php?rest_route=\/wp\/v2\/users\/1"}],"replies":[{"embeddable":true,"href":"https:\/\/klarafardiga.com\/index.php?rest_route=%2Fwp%2Fv2%2Fcomments&post=112"}],"version-history":[{"count":0,"href":"https:\/\/klarafardiga.com\/index.php?rest_route=\/wp\/v2\/posts\/112\/revisions"}],"wp:attachment":[{"href":"https:\/\/klarafardiga.com\/index.php?rest_route=%2Fwp%2Fv2%2Fmedia&parent=112"}],"wp:term":[{"taxonomy":"category","embeddable":true,"href":"https:\/\/klarafardiga.com\/index.php?rest_route=%2Fwp%2Fv2%2Fcategories&post=112"},{"taxonomy":"post_tag","embeddable":true,"href":"https:\/\/klarafardiga.com\/index.php?rest_route=%2Fwp%2Fv2%2Ftags&post=112"}],"curies":[{"name":"wp","href":"https:\/\/api.w.org\/{rel}","templated":true}]}}