{"id":103,"date":"2009-08-03T23:01:00","date_gmt":"2009-08-03T21:01:00","guid":{"rendered":"http:\/\/klarafardiga.com\/?p=103"},"modified":"2009-08-03T23:01:00","modified_gmt":"2009-08-03T21:01:00","slug":"aktiv-semester","status":"publish","type":"post","link":"https:\/\/klarafardiga.com\/?p=103","title":{"rendered":"Aktiv semester&#8230;"},"content":{"rendered":"<p>Vi har varit p\u00e5 en liten semestertur, ca 27 mil hemifr\u00e5n n\u00e5r vi <a href=\"http:\/\/www.idrefjall.se\/\"><strong>Idre fj\u00e4ll<\/strong><\/a>. F\u00f6rsta dagen var vi till Njupesk\u00e4r &#8211; Sveriges h\u00f6gsta vattenfall (97 meter h\u00f6gt) det \u00e4r n\u00e5got jag rekommenderar. En n\u00e4tt promenad p\u00e5 2,5 km till fallet (och lika l\u00e5ngt tillbaka f\u00f6rst\u00e5s) \u00e4r n\u00e5got som b\u00e5de stora och sm\u00e5 orkar med. Underbart vackert!<\/p>\n<p><a href=\"http:\/\/4.bp.blogspot.com\/_rCm4mArCkLE\/SndRxVNBuNI\/AAAAAAAABnc\/lfxXMRYEt7s\/s1600-h\/njupeskar_05.jpg\"><img decoding=\"async\" style=\"TEXT-ALIGN: center; MARGIN: 0px auto 10px; WIDTH: 400px; DISPLAY: block; HEIGHT: 266px; CURSOR: hand\" id=\"BLOGGER_PHOTO_ID_5365847388982458578\" border=\"0\" alt=\"\" src=\"http:\/\/4.bp.blogspot.com\/_rCm4mArCkLE\/SndRxVNBuNI\/AAAAAAAABnc\/lfxXMRYEt7s\/s400\/njupeskar_05.jpg\" \/><\/a> H\u00e4r har jag lekt lite med min nya kamera&#8230; iskallt, klart silkesliknande vatten&#8230;<\/p>\n<div><a href=\"http:\/\/4.bp.blogspot.com\/_rCm4mArCkLE\/SndRxSIxdZI\/AAAAAAAABnU\/HbsD6IrIf7U\/s1600-h\/njupeskar_03.jpg\"><img decoding=\"async\" style=\"TEXT-ALIGN: center; MARGIN: 0px auto 10px; WIDTH: 400px; DISPLAY: block; HEIGHT: 266px; CURSOR: hand\" id=\"BLOGGER_PHOTO_ID_5365847388159309202\" border=\"0\" alt=\"\" src=\"http:\/\/4.bp.blogspot.com\/_rCm4mArCkLE\/SndRxSIxdZI\/AAAAAAAABnU\/HbsD6IrIf7U\/s400\/njupeskar_03.jpg\" \/><\/a> N\u00e4sta dag blev vandringen lite l\u00e4ngre. St\u00e4djan den vackra vulkanliknande toppen n\u00e5r 1131 meter \u00f6ver havet och det \u00e4r 3 km &#8221;uppf\u00f6rsbackevandring&#8221; till toppen fr\u00e5n parkeringen. M klarade av att g\u00e5 \u00e4nda upp K n\u00e5dde den lilla toppen. T\u00e4nk h\u00e4r vill dom bygga skidlift! Nej tack s\u00e4ger jag bara, l\u00e5t naturen vara or\u00f6rd h\u00e4r det \u00e4r s\u00e5 vackert!!<\/p>\n<div><img decoding=\"async\" style=\"TEXT-ALIGN: center; MARGIN: 0px auto 10px; WIDTH: 400px; DISPLAY: block; HEIGHT: 299px; CURSOR: hand\" id=\"BLOGGER_PHOTO_ID_5365846488018574242\" border=\"0\" alt=\"\" src=\"http:\/\/4.bp.blogspot.com\/_rCm4mArCkLE\/SndQ842f26I\/AAAAAAAABnM\/UjezF_muzm0\/s400\/stadjan_05.jpg\" \/><br \/>S\u00e5 h\u00e4r ser det ut lite fr\u00e5n h\u00e5ll&#8230;<\/p>\n<div><a href=\"http:\/\/3.bp.blogspot.com\/_rCm4mArCkLE\/SndQ8fpUBxI\/AAAAAAAABnE\/8HgKatHWc-8\/s1600-h\/stadjan_01.jpg\"><img decoding=\"async\" style=\"TEXT-ALIGN: center; MARGIN: 0px auto 10px; WIDTH: 400px; DISPLAY: block; HEIGHT: 336px; CURSOR: hand\" id=\"BLOGGER_PHOTO_ID_5365846481252386578\" border=\"0\" alt=\"\" src=\"http:\/\/3.bp.blogspot.com\/_rCm4mArCkLE\/SndQ8fpUBxI\/AAAAAAAABnE\/8HgKatHWc-8\/s400\/stadjan_01.jpg\" \/><\/a> H\u00e4r \u00e4r v\u00e5r utsikt fr\u00e5n stugan vi bodde i p\u00e5 <a href=\"http:\/\/www.idrefjall.se\/\"><strong>Idre fj\u00e4ll<\/strong><\/a> D\u00e4hliebyn har nog b\u00e4st utsikt tror jag&#8230;<\/p>\n<div><a href=\"http:\/\/2.bp.blogspot.com\/_rCm4mArCkLE\/SndQ8G_YJZI\/AAAAAAAABm8\/cl5NxUqgZKQ\/s1600-h\/idre_2009_2.jpg\"><img decoding=\"async\" style=\"TEXT-ALIGN: center; MARGIN: 0px auto 10px; WIDTH: 400px; DISPLAY: block; HEIGHT: 266px; CURSOR: hand\" id=\"BLOGGER_PHOTO_ID_5365846474634044818\" border=\"0\" alt=\"\" src=\"http:\/\/2.bp.blogspot.com\/_rCm4mArCkLE\/SndQ8G_YJZI\/AAAAAAAABm8\/cl5NxUqgZKQ\/s400\/idre_2009_2.jpg\" \/><\/a><br \/>Renar utanf\u00f6r sovrumsf\u00f6nstret en morgon&#8230;<\/p>\n<p><\/p>\n<div><a href=\"http:\/\/3.bp.blogspot.com\/_rCm4mArCkLE\/SndQ7z7O2ZI\/AAAAAAAABm0\/FQJUsU5EMOE\/s1600-h\/idre_2009_3.jpg\"><img decoding=\"async\" style=\"TEXT-ALIGN: center; MARGIN: 0px auto 10px; WIDTH: 400px; DISPLAY: block; HEIGHT: 266px; CURSOR: hand\" id=\"BLOGGER_PHOTO_ID_5365846469516384658\" border=\"0\" alt=\"\" src=\"http:\/\/3.bp.blogspot.com\/_rCm4mArCkLE\/SndQ7z7O2ZI\/AAAAAAAABm0\/FQJUsU5EMOE\/s400\/idre_2009_3.jpg\" \/><\/a><br \/>H\u00e4r bodde vi \ud83d\ude42<\/p>\n<p><\/p>\n<div><a href=\"http:\/\/4.bp.blogspot.com\/_rCm4mArCkLE\/SndQ7saMM9I\/AAAAAAAABms\/oxfDtw09shg\/s1600-h\/idre_2009_5.jpg\"><img decoding=\"async\" style=\"TEXT-ALIGN: center; MARGIN: 0px auto 10px; WIDTH: 400px; DISPLAY: block; HEIGHT: 266px; CURSOR: hand\" id=\"BLOGGER_PHOTO_ID_5365846467498750930\" border=\"0\" alt=\"\" src=\"http:\/\/4.bp.blogspot.com\/_rCm4mArCkLE\/SndQ7saMM9I\/AAAAAAAABms\/oxfDtw09shg\/s400\/idre_2009_5.jpg\" \/><\/a><br \/>Ljuvlig avkopplande men \u00e4nd\u00e5 aktiv semester med massor av frisk luft&#8230;<\/div>\n<div><\/div>\n<div><\/div>\n<div>Kram Helena<\/div>\n<\/div>\n<\/div>\n<\/div>\n<\/div>\n<\/div>\n","protected":false},"excerpt":{"rendered":"<p>Vi har varit p\u00e5 en liten semestertur, ca 27 mil hemifr\u00e5n n\u00e5r vi Idre fj\u00e4ll. F\u00f6rsta dagen var vi till Njupesk\u00e4r &#8211; Sveriges h\u00f6gsta vattenfall (97 meter h\u00f6gt) det \u00e4r n\u00e5got jag rekommenderar. En n\u00e4tt promenad p\u00e5 2,5 km till fallet (och lika l\u00e5ngt tillbaka f\u00f6rst\u00e5s) \u00e4r n\u00e5got som b\u00e5de stora och sm\u00e5 orkar med. Underbart vackert! H\u00e4r har jag lekt lite med min nya kamera&#8230; iskallt, klart silkesliknande vatten&#8230; N\u00e4sta dag blev vandringen lite l\u00e4ngre. St\u00e4djan den vackra vulkanliknande toppen n\u00e5r 1131 meter \u00f6ver havet och det \u00e4r 3 km &#8221;uppf\u00f6rsbackevandring&#8221; till toppen fr\u00e5n parkeringen. M klarade av att g\u00e5 \u00e4nda upp K n\u00e5dde den lilla toppen. T\u00e4nk h\u00e4r vill dom bygga skidlift! Nej tack s\u00e4ger jag bara, l\u00e5t naturen vara or\u00f6rd h\u00e4r det \u00e4r s\u00e5 vackert!! S\u00e5 h\u00e4r ser det ut lite fr\u00e5n h\u00e5ll&#8230; H\u00e4r \u00e4r v\u00e5r utsikt fr\u00e5n stugan vi bodde i p\u00e5 Idre fj\u00e4ll D\u00e4hliebyn har nog b\u00e4st utsikt tror jag&#8230; Renar utanf\u00f6r sovrumsf\u00f6nstret en morgon&#8230; H\u00e4r bodde vi \ud83d\ude42 Ljuvlig avkopplande men \u00e4nd\u00e5 aktiv semester med massor av frisk luft&#8230; Kram Helena<\/p>\n","protected":false},"author":1,"featured_media":0,"comment_status":"open","ping_status":"open","sticky":false,"template":"","format":"standard","meta":{"footnotes":""},"categories":[4],"tags":[],"yoast_head":"<!-- This site is optimized with the Yoast SEO plugin v23.5 - https:\/\/yoast.com\/wordpress\/plugins\/seo\/ -->\n<title>Aktiv semester... - Baka med KlaraForm<\/title>\n<meta name=\"robots\" content=\"index, follow, max-snippet:-1, max-image-preview:large, max-video-preview:-1\" \/>\n<link rel=\"canonical\" href=\"https:\/\/klarafardiga.com\/?p=103\" \/>\n<meta property=\"og:locale\" content=\"sv_SE\" \/>\n<meta property=\"og:type\" content=\"article\" \/>\n<meta property=\"og:title\" content=\"Aktiv semester... - Baka med KlaraForm\" \/>\n<meta property=\"og:description\" content=\"Vi har varit p\u00e5 en liten semestertur, ca 27 mil hemifr\u00e5n n\u00e5r vi Idre fj\u00e4ll. F\u00f6rsta dagen var vi till Njupesk\u00e4r &#8211; Sveriges h\u00f6gsta vattenfall (97 meter h\u00f6gt) det \u00e4r n\u00e5got jag rekommenderar. En n\u00e4tt promenad p\u00e5 2,5 km till fallet (och lika l\u00e5ngt tillbaka f\u00f6rst\u00e5s) \u00e4r n\u00e5got som b\u00e5de stora och sm\u00e5 orkar med. Underbart vackert! H\u00e4r har jag lekt lite med min nya kamera&#8230; iskallt, klart silkesliknande vatten&#8230; N\u00e4sta dag blev vandringen lite l\u00e4ngre. St\u00e4djan den vackra vulkanliknande toppen n\u00e5r 1131 meter \u00f6ver havet och det \u00e4r 3 km &#8221;uppf\u00f6rsbackevandring&#8221; till toppen fr\u00e5n parkeringen. M klarade av att g\u00e5 \u00e4nda upp K n\u00e5dde den lilla toppen. T\u00e4nk h\u00e4r vill dom bygga skidlift! Nej tack s\u00e4ger jag bara, l\u00e5t naturen vara or\u00f6rd h\u00e4r det \u00e4r s\u00e5 vackert!! S\u00e5 h\u00e4r ser det ut lite fr\u00e5n h\u00e5ll&#8230; H\u00e4r \u00e4r v\u00e5r utsikt fr\u00e5n stugan vi bodde i p\u00e5 Idre fj\u00e4ll D\u00e4hliebyn har nog b\u00e4st utsikt tror jag&#8230; Renar utanf\u00f6r sovrumsf\u00f6nstret en morgon&#8230; H\u00e4r bodde vi \ud83d\ude42 Ljuvlig avkopplande men \u00e4nd\u00e5 aktiv semester med massor av frisk luft&#8230; Kram Helena\" \/>\n<meta property=\"og:url\" content=\"https:\/\/klarafardiga.com\/?p=103\" \/>\n<meta property=\"og:site_name\" content=\"Baka med KlaraForm\" \/>\n<meta property=\"article:published_time\" content=\"2009-08-03T21:01:00+00:00\" \/>\n<meta property=\"og:image\" content=\"http:\/\/4.bp.blogspot.com\/_rCm4mArCkLE\/SndRxVNBuNI\/AAAAAAAABnc\/lfxXMRYEt7s\/s400\/njupeskar_05.jpg\" \/>\n<meta name=\"author\" content=\"admin\" \/>\n<meta name=\"twitter:card\" content=\"summary_large_image\" \/>\n<meta name=\"twitter:label1\" content=\"Skriven av\" \/>\n\t<meta name=\"twitter:data1\" content=\"admin\" \/>\n\t<meta name=\"twitter:label2\" content=\"Ber\u00e4knad l\u00e4stid\" \/>\n\t<meta name=\"twitter:data2\" content=\"1 minut\" \/>\n<script type=\"application\/ld+json\" class=\"yoast-schema-graph\">{\"@context\":\"https:\/\/schema.org\",\"@graph\":[{\"@type\":\"WebPage\",\"@id\":\"https:\/\/klarafardiga.com\/?p=103\",\"url\":\"https:\/\/klarafardiga.com\/?p=103\",\"name\":\"Aktiv semester... - Baka med KlaraForm\",\"isPartOf\":{\"@id\":\"https:\/\/klarafardiga.com\/#website\"},\"primaryImageOfPage\":{\"@id\":\"https:\/\/klarafardiga.com\/?p=103#primaryimage\"},\"image\":{\"@id\":\"https:\/\/klarafardiga.com\/?p=103#primaryimage\"},\"thumbnailUrl\":\"http:\/\/4.bp.blogspot.com\/_rCm4mArCkLE\/SndRxVNBuNI\/AAAAAAAABnc\/lfxXMRYEt7s\/s400\/njupeskar_05.jpg\",\"datePublished\":\"2009-08-03T21:01:00+00:00\",\"dateModified\":\"2009-08-03T21:01:00+00:00\",\"author\":{\"@id\":\"https:\/\/klarafardiga.com\/#\/schema\/person\/0f54ba1da7c4c21dd7411ed3a8e9f8c0\"},\"breadcrumb\":{\"@id\":\"https:\/\/klarafardiga.com\/?p=103#breadcrumb\"},\"inLanguage\":\"sv-SE\",\"potentialAction\":[{\"@type\":\"ReadAction\",\"target\":[\"https:\/\/klarafardiga.com\/?p=103\"]}]},{\"@type\":\"ImageObject\",\"inLanguage\":\"sv-SE\",\"@id\":\"https:\/\/klarafardiga.com\/?p=103#primaryimage\",\"url\":\"http:\/\/4.bp.blogspot.com\/_rCm4mArCkLE\/SndRxVNBuNI\/AAAAAAAABnc\/lfxXMRYEt7s\/s400\/njupeskar_05.jpg\",\"contentUrl\":\"http:\/\/4.bp.blogspot.com\/_rCm4mArCkLE\/SndRxVNBuNI\/AAAAAAAABnc\/lfxXMRYEt7s\/s400\/njupeskar_05.jpg\"},{\"@type\":\"BreadcrumbList\",\"@id\":\"https:\/\/klarafardiga.com\/?p=103#breadcrumb\",\"itemListElement\":[{\"@type\":\"ListItem\",\"position\":1,\"name\":\"Hem\",\"item\":\"https:\/\/klarafardiga.com\/\"},{\"@type\":\"ListItem\",\"position\":2,\"name\":\"Aktiv semester&#8230;\"}]},{\"@type\":\"WebSite\",\"@id\":\"https:\/\/klarafardiga.com\/#website\",\"url\":\"https:\/\/klarafardiga.com\/\",\"name\":\"Baka med KlaraForm\",\"description\":\"Recept, tips och nyheter i butiken\",\"potentialAction\":[{\"@type\":\"SearchAction\",\"target\":{\"@type\":\"EntryPoint\",\"urlTemplate\":\"https:\/\/klarafardiga.com\/?s={search_term_string}\"},\"query-input\":{\"@type\":\"PropertyValueSpecification\",\"valueRequired\":true,\"valueName\":\"search_term_string\"}}],\"inLanguage\":\"sv-SE\"},{\"@type\":\"Person\",\"@id\":\"https:\/\/klarafardiga.com\/#\/schema\/person\/0f54ba1da7c4c21dd7411ed3a8e9f8c0\",\"name\":\"admin\",\"image\":{\"@type\":\"ImageObject\",\"inLanguage\":\"sv-SE\",\"@id\":\"https:\/\/klarafardiga.com\/#\/schema\/person\/image\/\",\"url\":\"https:\/\/secure.gravatar.com\/avatar\/356da59eaae0a6e58215761d8e8dabed?s=96&d=mm&r=g\",\"contentUrl\":\"https:\/\/secure.gravatar.com\/avatar\/356da59eaae0a6e58215761d8e8dabed?s=96&d=mm&r=g\",\"caption\":\"admin\"},\"sameAs\":[\"http:\/\/www.klaraform.se\"],\"url\":\"https:\/\/klarafardiga.com\/?author=1\"}]}<\/script>\n<!-- \/ Yoast SEO plugin. -->","yoast_head_json":{"title":"Aktiv semester... - Baka med KlaraForm","robots":{"index":"index","follow":"follow","max-snippet":"max-snippet:-1","max-image-preview":"max-image-preview:large","max-video-preview":"max-video-preview:-1"},"canonical":"https:\/\/klarafardiga.com\/?p=103","og_locale":"sv_SE","og_type":"article","og_title":"Aktiv semester... - Baka med KlaraForm","og_description":"Vi har varit p\u00e5 en liten semestertur, ca 27 mil hemifr\u00e5n n\u00e5r vi Idre fj\u00e4ll. F\u00f6rsta dagen var vi till Njupesk\u00e4r &#8211; Sveriges h\u00f6gsta vattenfall (97 meter h\u00f6gt) det \u00e4r n\u00e5got jag rekommenderar. En n\u00e4tt promenad p\u00e5 2,5 km till fallet (och lika l\u00e5ngt tillbaka f\u00f6rst\u00e5s) \u00e4r n\u00e5got som b\u00e5de stora och sm\u00e5 orkar med. Underbart vackert! H\u00e4r har jag lekt lite med min nya kamera&#8230; iskallt, klart silkesliknande vatten&#8230; N\u00e4sta dag blev vandringen lite l\u00e4ngre. St\u00e4djan den vackra vulkanliknande toppen n\u00e5r 1131 meter \u00f6ver havet och det \u00e4r 3 km &#8221;uppf\u00f6rsbackevandring&#8221; till toppen fr\u00e5n parkeringen. M klarade av att g\u00e5 \u00e4nda upp K n\u00e5dde den lilla toppen. T\u00e4nk h\u00e4r vill dom bygga skidlift! Nej tack s\u00e4ger jag bara, l\u00e5t naturen vara or\u00f6rd h\u00e4r det \u00e4r s\u00e5 vackert!! S\u00e5 h\u00e4r ser det ut lite fr\u00e5n h\u00e5ll&#8230; H\u00e4r \u00e4r v\u00e5r utsikt fr\u00e5n stugan vi bodde i p\u00e5 Idre fj\u00e4ll D\u00e4hliebyn har nog b\u00e4st utsikt tror jag&#8230; Renar utanf\u00f6r sovrumsf\u00f6nstret en morgon&#8230; H\u00e4r bodde vi \ud83d\ude42 Ljuvlig avkopplande men \u00e4nd\u00e5 aktiv semester med massor av frisk luft&#8230; Kram Helena","og_url":"https:\/\/klarafardiga.com\/?p=103","og_site_name":"Baka med KlaraForm","article_published_time":"2009-08-03T21:01:00+00:00","og_image":[{"url":"http:\/\/4.bp.blogspot.com\/_rCm4mArCkLE\/SndRxVNBuNI\/AAAAAAAABnc\/lfxXMRYEt7s\/s400\/njupeskar_05.jpg"}],"author":"admin","twitter_card":"summary_large_image","twitter_misc":{"Skriven av":"admin","Ber\u00e4knad l\u00e4stid":"1 minut"},"schema":{"@context":"https:\/\/schema.org","@graph":[{"@type":"WebPage","@id":"https:\/\/klarafardiga.com\/?p=103","url":"https:\/\/klarafardiga.com\/?p=103","name":"Aktiv semester... - Baka med KlaraForm","isPartOf":{"@id":"https:\/\/klarafardiga.com\/#website"},"primaryImageOfPage":{"@id":"https:\/\/klarafardiga.com\/?p=103#primaryimage"},"image":{"@id":"https:\/\/klarafardiga.com\/?p=103#primaryimage"},"thumbnailUrl":"http:\/\/4.bp.blogspot.com\/_rCm4mArCkLE\/SndRxVNBuNI\/AAAAAAAABnc\/lfxXMRYEt7s\/s400\/njupeskar_05.jpg","datePublished":"2009-08-03T21:01:00+00:00","dateModified":"2009-08-03T21:01:00+00:00","author":{"@id":"https:\/\/klarafardiga.com\/#\/schema\/person\/0f54ba1da7c4c21dd7411ed3a8e9f8c0"},"breadcrumb":{"@id":"https:\/\/klarafardiga.com\/?p=103#breadcrumb"},"inLanguage":"sv-SE","potentialAction":[{"@type":"ReadAction","target":["https:\/\/klarafardiga.com\/?p=103"]}]},{"@type":"ImageObject","inLanguage":"sv-SE","@id":"https:\/\/klarafardiga.com\/?p=103#primaryimage","url":"http:\/\/4.bp.blogspot.com\/_rCm4mArCkLE\/SndRxVNBuNI\/AAAAAAAABnc\/lfxXMRYEt7s\/s400\/njupeskar_05.jpg","contentUrl":"http:\/\/4.bp.blogspot.com\/_rCm4mArCkLE\/SndRxVNBuNI\/AAAAAAAABnc\/lfxXMRYEt7s\/s400\/njupeskar_05.jpg"},{"@type":"BreadcrumbList","@id":"https:\/\/klarafardiga.com\/?p=103#breadcrumb","itemListElement":[{"@type":"ListItem","position":1,"name":"Hem","item":"https:\/\/klarafardiga.com\/"},{"@type":"ListItem","position":2,"name":"Aktiv semester&#8230;"}]},{"@type":"WebSite","@id":"https:\/\/klarafardiga.com\/#website","url":"https:\/\/klarafardiga.com\/","name":"Baka med KlaraForm","description":"Recept, tips och nyheter i butiken","potentialAction":[{"@type":"SearchAction","target":{"@type":"EntryPoint","urlTemplate":"https:\/\/klarafardiga.com\/?s={search_term_string}"},"query-input":{"@type":"PropertyValueSpecification","valueRequired":true,"valueName":"search_term_string"}}],"inLanguage":"sv-SE"},{"@type":"Person","@id":"https:\/\/klarafardiga.com\/#\/schema\/person\/0f54ba1da7c4c21dd7411ed3a8e9f8c0","name":"admin","image":{"@type":"ImageObject","inLanguage":"sv-SE","@id":"https:\/\/klarafardiga.com\/#\/schema\/person\/image\/","url":"https:\/\/secure.gravatar.com\/avatar\/356da59eaae0a6e58215761d8e8dabed?s=96&d=mm&r=g","contentUrl":"https:\/\/secure.gravatar.com\/avatar\/356da59eaae0a6e58215761d8e8dabed?s=96&d=mm&r=g","caption":"admin"},"sameAs":["http:\/\/www.klaraform.se"],"url":"https:\/\/klarafardiga.com\/?author=1"}]}},"_links":{"self":[{"href":"https:\/\/klarafardiga.com\/index.php?rest_route=\/wp\/v2\/posts\/103"}],"collection":[{"href":"https:\/\/klarafardiga.com\/index.php?rest_route=\/wp\/v2\/posts"}],"about":[{"href":"https:\/\/klarafardiga.com\/index.php?rest_route=\/wp\/v2\/types\/post"}],"author":[{"embeddable":true,"href":"https:\/\/klarafardiga.com\/index.php?rest_route=\/wp\/v2\/users\/1"}],"replies":[{"embeddable":true,"href":"https:\/\/klarafardiga.com\/index.php?rest_route=%2Fwp%2Fv2%2Fcomments&post=103"}],"version-history":[{"count":0,"href":"https:\/\/klarafardiga.com\/index.php?rest_route=\/wp\/v2\/posts\/103\/revisions"}],"wp:attachment":[{"href":"https:\/\/klarafardiga.com\/index.php?rest_route=%2Fwp%2Fv2%2Fmedia&parent=103"}],"wp:term":[{"taxonomy":"category","embeddable":true,"href":"https:\/\/klarafardiga.com\/index.php?rest_route=%2Fwp%2Fv2%2Fcategories&post=103"},{"taxonomy":"post_tag","embeddable":true,"href":"https:\/\/klarafardiga.com\/index.php?rest_route=%2Fwp%2Fv2%2Ftags&post=103"}],"curies":[{"name":"wp","href":"https:\/\/api.w.org\/{rel}","templated":true}]}}